{"id":909,"date":"2015-12-21T08:53:00","date_gmt":"2015-12-21T08:53:00","guid":{"rendered":"http:\/\/twistislamophobia.org\/en\/?p=909"},"modified":"2017-03-13T12:40:36","modified_gmt":"2017-03-13T12:40:36","slug":"syrian-refugees-collaborate-with-the-museum-of-islamic-art-in-berlin-2","status":"publish","type":"post","link":"https:\/\/twistislamophobia.org\/en\/2015\/12\/21\/syrian-refugees-collaborate-with-the-museum-of-islamic-art-in-berlin-2\/","title":{"rendered":"Syrian refugees collaborate with the Museum of Islamic Art in Berlin"},"content":{"rendered":"<p>Berlin\u2019s emblematic <a href=\"http:\/\/www.visitberlin.de\/en\/spot\/museum-island\">Museum Island<\/a>\u00a0counts from this month on with 19 Syrian and Iraqi refugees who have been trained as guides in order to show to their compatriots the treasures present in the <a href=\"http:\/\/www.smb.museum\/en\/museums-and-institutions\/pergamonmuseum\/home.html\">Pergamon Museum<\/a>, the <a href=\"http:\/\/www.smb.museum\/en\/museums-and-institutions\/bode-museum\/home.html\">Bode Museum<\/a>,\u00a0and the German Historical Museum in their own language. This pilot project, named \u201cMutaka\u201d (\u201cmeeting point\u201d, in Arabic), symbolizes \u201cthe exchange of different cultural and historical experiences\u201d, but also \u201cthe resemblances between Germany, Syria and Iraq\u201d, declared the Prussian Cultural Heritage Foundation at a statement today. The Foundation\u2019s chairman, Hermann Pazinger, described the project, in which \u201cthe refugees will become guides through their own history and through one that misses them\u201d, as exemplary for the German Museums scene. \u201cWith this we do not mean to say that we have invented the key for integration, but the refugees will be strengthened by their training and the acknowledging of their own cultural identity, which means a lot to us. \u00a0Furthermore, they will immerse themselves in our culture, in our tour through the centuries\u201d, he said.<\/p>\n<p>According to Parzinger, the only thing that can result from this project \u2013 an initiative of the <a href=\"http:\/\/www.smb.museum\/en\/museums-and-institutions\/museum-fuer-islamische-kunst\/home.html\">Museum of Islamic Art in Berlin<\/a>\u00a0\u2013 is \u201ctolerance and value for the understanding\u201d. \u201c\u2018Mutaka\u2019 constitutes an opportunity to undertake new paths in the understanding and the acceptance in a heterogeneous and ethnically diverse society\u201d, pointed out the Berlin State Museums\u2019 managing director, Michael Eissenhauer.<\/p>\n<p>Source: <a href=\"http:\/\/www.dw.com\/es\/refugiados-guiar%C3%A1n-a-sus-compatriotas-por-museos-de-berl%C3%ADn\/a-18910911\">Dw<\/a><\/p>\n","protected":false},"excerpt":{"rendered":"<p>Berlin\u2019s emblematic Museum Island\u00a0counts from this month on with 19 Syrian and Iraqi refugees who have been trained as guides in order to show to their compatriots the treasures present in the Pergamon Museum, the Bode Museum,\u00a0and the German Historical Museum in their own language. This pilot project, named \u201cMutaka\u201d (\u201cmeeting point\u201d, in Arabic), symbolizes \u201cthe exchange of different cultural and historical experiences\u201d, but also \u201cthe resemblances between Germany, Syria and Iraq\u201d, declared the Prussian Cultural Heritage Foundation at a statement today. The Foundation\u2019s chairman, Hermann Pazinger, described the project, in which \u201cthe refugees will become guides through their own history and through one that misses them\u201d, as exemplary for the German Museums scene. \u201cWith this we do not mean to say that we have invented the key for integration, but the refugees will be strengthened by their training and the acknowledging of their own cultural identity, which means a lot to us. \u00a0Furthermore, they will immerse themselves in our culture, in our tour through the centuries\u201d, he said. According to Parzinger, the only thing that can result from this project \u2013 an initiative of the Museum of Islamic Art in Berlin\u00a0\u2013 is \u201ctolerance and value for the understanding\u201d. \u201c\u2018Mutaka\u2019 &#8230;<\/p>\n","protected":false},"author":2,"featured_media":899,"comment_status":"open","ping_status":"open","sticky":false,"template":"","format":"standard","meta":{"footnotes":""},"categories":[241],"tags":[144,204],"class_list":["post-909","post","type-post","status-publish","format-standard","has-post-thumbnail","hentry","category-coexist","tag-culture","tag-refugees"],"yoast_head":"<!-- This site is optimized with the Yoast SEO plugin v27.4 - https:\/\/yoast.com\/product\/yoast-seo-wordpress\/ -->\n<title>Syrian refugees collaborate with the Museum of Islamic Art in Berlin - Twist Islamophobia<\/title>\n<meta name=\"robots\" content=\"index, follow, max-snippet:-1, max-image-preview:large, max-video-preview:-1\" \/>\n<link rel=\"canonical\" href=\"https:\/\/twistislamophobia.org\/en\/2015\/12\/21\/syrian-refugees-collaborate-with-the-museum-of-islamic-art-in-berlin-2\/\" \/>\n<meta property=\"og:locale\" content=\"en_US\" \/>\n<meta property=\"og:type\" content=\"article\" \/>\n<meta property=\"og:title\" content=\"Syrian refugees collaborate with the Museum of Islamic Art in Berlin - Twist Islamophobia\" \/>\n<meta property=\"og:description\" content=\"Berlin\u2019s emblematic Museum Island\u00a0counts from this month on with 19 Syrian and Iraqi refugees who have been trained as guides in order to show to their compatriots the treasures present in the Pergamon Museum, the Bode Museum,\u00a0and the German Historical Museum in their own language. This pilot project, named \u201cMutaka\u201d (\u201cmeeting point\u201d, in Arabic), symbolizes \u201cthe exchange of different cultural and historical experiences\u201d, but also \u201cthe resemblances between Germany, Syria and Iraq\u201d, declared the Prussian Cultural Heritage Foundation at a statement today. The Foundation\u2019s chairman, Hermann Pazinger, described the project, in which \u201cthe refugees will become guides through their own history and through one that misses them\u201d, as exemplary for the German Museums scene. \u201cWith this we do not mean to say that we have invented the key for integration, but the refugees will be strengthened by their training and the acknowledging of their own cultural identity, which means a lot to us. \u00a0Furthermore, they will immerse themselves in our culture, in our tour through the centuries\u201d, he said. According to Parzinger, the only thing that can result from this project \u2013 an initiative of the Museum of Islamic Art in Berlin\u00a0\u2013 is \u201ctolerance and value for the understanding\u201d. \u201c\u2018Mutaka\u2019 ...\" \/>\n<meta property=\"og:url\" content=\"https:\/\/twistislamophobia.org\/en\/2015\/12\/21\/syrian-refugees-collaborate-with-the-museum-of-islamic-art-in-berlin-2\/\" \/>\n<meta property=\"og:site_name\" content=\"Twist Islamophobia\" \/>\n<meta property=\"article:author\" content=\"Fundaciondeculturaislamica\" \/>\n<meta property=\"article:published_time\" content=\"2015-12-21T08:53:00+00:00\" \/>\n<meta property=\"article:modified_time\" content=\"2017-03-13T12:40:36+00:00\" \/>\n<meta property=\"og:image\" content=\"https:\/\/twistislamophobia.org\/wp-content\/uploads\/2015\/12\/16277753613_f94879e46e_z1.jpg\" \/>\n\t<meta property=\"og:image:width\" content=\"433\" \/>\n\t<meta property=\"og:image:height\" content=\"425\" \/>\n\t<meta property=\"og:image:type\" content=\"image\/jpeg\" \/>\n<meta name=\"author\" content=\"Fundaci\u00f3n de Cultura Isl\u00e1mica\" \/>\n<meta name=\"twitter:card\" content=\"summary_large_image\" \/>\n<meta name=\"twitter:label1\" content=\"Written by\" \/>\n\t<meta name=\"twitter:data1\" content=\"Fundaci\u00f3n de Cultura Isl\u00e1mica\" \/>\n\t<meta name=\"twitter:label2\" content=\"Est. reading time\" \/>\n\t<meta name=\"twitter:data2\" content=\"1 minute\" \/>\n<script type=\"application\/ld+json\" class=\"yoast-schema-graph\">{\"@context\":\"https:\\\/\\\/schema.org\",\"@graph\":[{\"@type\":\"Article\",\"@id\":\"https:\\\/\\\/twistislamophobia.org\\\/en\\\/2015\\\/12\\\/21\\\/syrian-refugees-collaborate-with-the-museum-of-islamic-art-in-berlin-2\\\/#article\",\"isPartOf\":{\"@id\":\"https:\\\/\\\/twistislamophobia.org\\\/en\\\/2015\\\/12\\\/21\\\/syrian-refugees-collaborate-with-the-museum-of-islamic-art-in-berlin-2\\\/\"},\"author\":{\"name\":\"Fundaci\u00f3n de Cultura Isl\u00e1mica\",\"@id\":\"https:\\\/\\\/twistislamophobia.org\\\/#\\\/schema\\\/person\\\/ad747f2d69cf56db855e7341a1478d0d\"},\"headline\":\"Syrian refugees collaborate with the Museum of Islamic Art in Berlin\",\"datePublished\":\"2015-12-21T08:53:00+00:00\",\"dateModified\":\"2017-03-13T12:40:36+00:00\",\"mainEntityOfPage\":{\"@id\":\"https:\\\/\\\/twistislamophobia.org\\\/en\\\/2015\\\/12\\\/21\\\/syrian-refugees-collaborate-with-the-museum-of-islamic-art-in-berlin-2\\\/\"},\"wordCount\":245,\"commentCount\":0,\"image\":{\"@id\":\"https:\\\/\\\/twistislamophobia.org\\\/en\\\/2015\\\/12\\\/21\\\/syrian-refugees-collaborate-with-the-museum-of-islamic-art-in-berlin-2\\\/#primaryimage\"},\"thumbnailUrl\":\"https:\\\/\\\/twistislamophobia.org\\\/wp-content\\\/uploads\\\/2015\\\/12\\\/16277753613_f94879e46e_z1.jpg\",\"keywords\":[\"culture\",\"Refugees\"],\"articleSection\":[\"Coexist\"],\"inLanguage\":\"en-US\",\"potentialAction\":[{\"@type\":\"CommentAction\",\"name\":\"Comment\",\"target\":[\"https:\\\/\\\/twistislamophobia.org\\\/en\\\/2015\\\/12\\\/21\\\/syrian-refugees-collaborate-with-the-museum-of-islamic-art-in-berlin-2\\\/#respond\"]}]},{\"@type\":\"WebPage\",\"@id\":\"https:\\\/\\\/twistislamophobia.org\\\/en\\\/2015\\\/12\\\/21\\\/syrian-refugees-collaborate-with-the-museum-of-islamic-art-in-berlin-2\\\/\",\"url\":\"https:\\\/\\\/twistislamophobia.org\\\/en\\\/2015\\\/12\\\/21\\\/syrian-refugees-collaborate-with-the-museum-of-islamic-art-in-berlin-2\\\/\",\"name\":\"Syrian refugees collaborate with the Museum of Islamic Art in Berlin - Twist Islamophobia\",\"isPartOf\":{\"@id\":\"https:\\\/\\\/twistislamophobia.org\\\/#website\"},\"primaryImageOfPage\":{\"@id\":\"https:\\\/\\\/twistislamophobia.org\\\/en\\\/2015\\\/12\\\/21\\\/syrian-refugees-collaborate-with-the-museum-of-islamic-art-in-berlin-2\\\/#primaryimage\"},\"image\":{\"@id\":\"https:\\\/\\\/twistislamophobia.org\\\/en\\\/2015\\\/12\\\/21\\\/syrian-refugees-collaborate-with-the-museum-of-islamic-art-in-berlin-2\\\/#primaryimage\"},\"thumbnailUrl\":\"https:\\\/\\\/twistislamophobia.org\\\/wp-content\\\/uploads\\\/2015\\\/12\\\/16277753613_f94879e46e_z1.jpg\",\"datePublished\":\"2015-12-21T08:53:00+00:00\",\"dateModified\":\"2017-03-13T12:40:36+00:00\",\"author\":{\"@id\":\"https:\\\/\\\/twistislamophobia.org\\\/#\\\/schema\\\/person\\\/ad747f2d69cf56db855e7341a1478d0d\"},\"breadcrumb\":{\"@id\":\"https:\\\/\\\/twistislamophobia.org\\\/en\\\/2015\\\/12\\\/21\\\/syrian-refugees-collaborate-with-the-museum-of-islamic-art-in-berlin-2\\\/#breadcrumb\"},\"inLanguage\":\"en-US\",\"potentialAction\":[{\"@type\":\"ReadAction\",\"target\":[\"https:\\\/\\\/twistislamophobia.org\\\/en\\\/2015\\\/12\\\/21\\\/syrian-refugees-collaborate-with-the-museum-of-islamic-art-in-berlin-2\\\/\"]}]},{\"@type\":\"ImageObject\",\"inLanguage\":\"en-US\",\"@id\":\"https:\\\/\\\/twistislamophobia.org\\\/en\\\/2015\\\/12\\\/21\\\/syrian-refugees-collaborate-with-the-museum-of-islamic-art-in-berlin-2\\\/#primaryimage\",\"url\":\"https:\\\/\\\/twistislamophobia.org\\\/wp-content\\\/uploads\\\/2015\\\/12\\\/16277753613_f94879e46e_z1.jpg\",\"contentUrl\":\"https:\\\/\\\/twistislamophobia.org\\\/wp-content\\\/uploads\\\/2015\\\/12\\\/16277753613_f94879e46e_z1.jpg\",\"width\":433,\"height\":425},{\"@type\":\"BreadcrumbList\",\"@id\":\"https:\\\/\\\/twistislamophobia.org\\\/en\\\/2015\\\/12\\\/21\\\/syrian-refugees-collaborate-with-the-museum-of-islamic-art-in-berlin-2\\\/#breadcrumb\",\"itemListElement\":[{\"@type\":\"ListItem\",\"position\":1,\"name\":\"Portada\",\"item\":\"https:\\\/\\\/twistislamophobia.org\\\/\"},{\"@type\":\"ListItem\",\"position\":2,\"name\":\"Syrian refugees collaborate with the Museum of Islamic Art in Berlin\"}]},{\"@type\":\"WebSite\",\"@id\":\"https:\\\/\\\/twistislamophobia.org\\\/#website\",\"url\":\"https:\\\/\\\/twistislamophobia.org\\\/\",\"name\":\"Twist Islamophobia\",\"description\":\"porque las diferencias suman\",\"potentialAction\":[{\"@type\":\"SearchAction\",\"target\":{\"@type\":\"EntryPoint\",\"urlTemplate\":\"https:\\\/\\\/twistislamophobia.org\\\/?s={search_term_string}\"},\"query-input\":{\"@type\":\"PropertyValueSpecification\",\"valueRequired\":true,\"valueName\":\"search_term_string\"}}],\"inLanguage\":\"en-US\"},{\"@type\":\"Person\",\"@id\":\"https:\\\/\\\/twistislamophobia.org\\\/#\\\/schema\\\/person\\\/ad747f2d69cf56db855e7341a1478d0d\",\"name\":\"Fundaci\u00f3n de Cultura Isl\u00e1mica\",\"description\":\"La Fundaci\u00f3n de Cultura Isl\u00e1mica promueve el di\u00e1logo intercultural y la educaci\u00f3n para el desarrollo de forma independiente, cient\u00edfica y rigurosa, desde hace m\u00e1s de tres d\u00e9cadas.\",\"sameAs\":[\"http:\\\/\\\/www.funci.org\\\/\",\"Fundaciondeculturaislamica\"],\"url\":\"https:\\\/\\\/twistislamophobia.org\\\/en\\\/author\\\/funci\\\/\"}]}<\/script>\n<!-- \/ Yoast SEO plugin. -->","yoast_head_json":{"title":"Syrian refugees collaborate with the Museum of Islamic Art in Berlin - Twist Islamophobia","robots":{"index":"index","follow":"follow","max-snippet":"max-snippet:-1","max-image-preview":"max-image-preview:large","max-video-preview":"max-video-preview:-1"},"canonical":"https:\/\/twistislamophobia.org\/en\/2015\/12\/21\/syrian-refugees-collaborate-with-the-museum-of-islamic-art-in-berlin-2\/","og_locale":"en_US","og_type":"article","og_title":"Syrian refugees collaborate with the Museum of Islamic Art in Berlin - Twist Islamophobia","og_description":"Berlin\u2019s emblematic Museum Island\u00a0counts from this month on with 19 Syrian and Iraqi refugees who have been trained as guides in order to show to their compatriots the treasures present in the Pergamon Museum, the Bode Museum,\u00a0and the German Historical Museum in their own language. This pilot project, named \u201cMutaka\u201d (\u201cmeeting point\u201d, in Arabic), symbolizes \u201cthe exchange of different cultural and historical experiences\u201d, but also \u201cthe resemblances between Germany, Syria and Iraq\u201d, declared the Prussian Cultural Heritage Foundation at a statement today. The Foundation\u2019s chairman, Hermann Pazinger, described the project, in which \u201cthe refugees will become guides through their own history and through one that misses them\u201d, as exemplary for the German Museums scene. \u201cWith this we do not mean to say that we have invented the key for integration, but the refugees will be strengthened by their training and the acknowledging of their own cultural identity, which means a lot to us. \u00a0Furthermore, they will immerse themselves in our culture, in our tour through the centuries\u201d, he said. According to Parzinger, the only thing that can result from this project \u2013 an initiative of the Museum of Islamic Art in Berlin\u00a0\u2013 is \u201ctolerance and value for the understanding\u201d. \u201c\u2018Mutaka\u2019 ...","og_url":"https:\/\/twistislamophobia.org\/en\/2015\/12\/21\/syrian-refugees-collaborate-with-the-museum-of-islamic-art-in-berlin-2\/","og_site_name":"Twist Islamophobia","article_author":"Fundaciondeculturaislamica","article_published_time":"2015-12-21T08:53:00+00:00","article_modified_time":"2017-03-13T12:40:36+00:00","og_image":[{"width":433,"height":425,"url":"https:\/\/twistislamophobia.org\/wp-content\/uploads\/2015\/12\/16277753613_f94879e46e_z1.jpg","type":"image\/jpeg"}],"author":"Fundaci\u00f3n de Cultura Isl\u00e1mica","twitter_card":"summary_large_image","twitter_misc":{"Written by":"Fundaci\u00f3n de Cultura Isl\u00e1mica","Est. reading time":"1 minute"},"schema":{"@context":"https:\/\/schema.org","@graph":[{"@type":"Article","@id":"https:\/\/twistislamophobia.org\/en\/2015\/12\/21\/syrian-refugees-collaborate-with-the-museum-of-islamic-art-in-berlin-2\/#article","isPartOf":{"@id":"https:\/\/twistislamophobia.org\/en\/2015\/12\/21\/syrian-refugees-collaborate-with-the-museum-of-islamic-art-in-berlin-2\/"},"author":{"name":"Fundaci\u00f3n de Cultura Isl\u00e1mica","@id":"https:\/\/twistislamophobia.org\/#\/schema\/person\/ad747f2d69cf56db855e7341a1478d0d"},"headline":"Syrian refugees collaborate with the Museum of Islamic Art in Berlin","datePublished":"2015-12-21T08:53:00+00:00","dateModified":"2017-03-13T12:40:36+00:00","mainEntityOfPage":{"@id":"https:\/\/twistislamophobia.org\/en\/2015\/12\/21\/syrian-refugees-collaborate-with-the-museum-of-islamic-art-in-berlin-2\/"},"wordCount":245,"commentCount":0,"image":{"@id":"https:\/\/twistislamophobia.org\/en\/2015\/12\/21\/syrian-refugees-collaborate-with-the-museum-of-islamic-art-in-berlin-2\/#primaryimage"},"thumbnailUrl":"https:\/\/twistislamophobia.org\/wp-content\/uploads\/2015\/12\/16277753613_f94879e46e_z1.jpg","keywords":["culture","Refugees"],"articleSection":["Coexist"],"inLanguage":"en-US","potentialAction":[{"@type":"CommentAction","name":"Comment","target":["https:\/\/twistislamophobia.org\/en\/2015\/12\/21\/syrian-refugees-collaborate-with-the-museum-of-islamic-art-in-berlin-2\/#respond"]}]},{"@type":"WebPage","@id":"https:\/\/twistislamophobia.org\/en\/2015\/12\/21\/syrian-refugees-collaborate-with-the-museum-of-islamic-art-in-berlin-2\/","url":"https:\/\/twistislamophobia.org\/en\/2015\/12\/21\/syrian-refugees-collaborate-with-the-museum-of-islamic-art-in-berlin-2\/","name":"Syrian refugees collaborate with the Museum of Islamic Art in Berlin - Twist Islamophobia","isPartOf":{"@id":"https:\/\/twistislamophobia.org\/#website"},"primaryImageOfPage":{"@id":"https:\/\/twistislamophobia.org\/en\/2015\/12\/21\/syrian-refugees-collaborate-with-the-museum-of-islamic-art-in-berlin-2\/#primaryimage"},"image":{"@id":"https:\/\/twistislamophobia.org\/en\/2015\/12\/21\/syrian-refugees-collaborate-with-the-museum-of-islamic-art-in-berlin-2\/#primaryimage"},"thumbnailUrl":"https:\/\/twistislamophobia.org\/wp-content\/uploads\/2015\/12\/16277753613_f94879e46e_z1.jpg","datePublished":"2015-12-21T08:53:00+00:00","dateModified":"2017-03-13T12:40:36+00:00","author":{"@id":"https:\/\/twistislamophobia.org\/#\/schema\/person\/ad747f2d69cf56db855e7341a1478d0d"},"breadcrumb":{"@id":"https:\/\/twistislamophobia.org\/en\/2015\/12\/21\/syrian-refugees-collaborate-with-the-museum-of-islamic-art-in-berlin-2\/#breadcrumb"},"inLanguage":"en-US","potentialAction":[{"@type":"ReadAction","target":["https:\/\/twistislamophobia.org\/en\/2015\/12\/21\/syrian-refugees-collaborate-with-the-museum-of-islamic-art-in-berlin-2\/"]}]},{"@type":"ImageObject","inLanguage":"en-US","@id":"https:\/\/twistislamophobia.org\/en\/2015\/12\/21\/syrian-refugees-collaborate-with-the-museum-of-islamic-art-in-berlin-2\/#primaryimage","url":"https:\/\/twistislamophobia.org\/wp-content\/uploads\/2015\/12\/16277753613_f94879e46e_z1.jpg","contentUrl":"https:\/\/twistislamophobia.org\/wp-content\/uploads\/2015\/12\/16277753613_f94879e46e_z1.jpg","width":433,"height":425},{"@type":"BreadcrumbList","@id":"https:\/\/twistislamophobia.org\/en\/2015\/12\/21\/syrian-refugees-collaborate-with-the-museum-of-islamic-art-in-berlin-2\/#breadcrumb","itemListElement":[{"@type":"ListItem","position":1,"name":"Portada","item":"https:\/\/twistislamophobia.org\/"},{"@type":"ListItem","position":2,"name":"Syrian refugees collaborate with the Museum of Islamic Art in Berlin"}]},{"@type":"WebSite","@id":"https:\/\/twistislamophobia.org\/#website","url":"https:\/\/twistislamophobia.org\/","name":"Twist Islamophobia","description":"porque las diferencias suman","potentialAction":[{"@type":"SearchAction","target":{"@type":"EntryPoint","urlTemplate":"https:\/\/twistislamophobia.org\/?s={search_term_string}"},"query-input":{"@type":"PropertyValueSpecification","valueRequired":true,"valueName":"search_term_string"}}],"inLanguage":"en-US"},{"@type":"Person","@id":"https:\/\/twistislamophobia.org\/#\/schema\/person\/ad747f2d69cf56db855e7341a1478d0d","name":"Fundaci\u00f3n de Cultura Isl\u00e1mica","description":"La Fundaci\u00f3n de Cultura Isl\u00e1mica promueve el di\u00e1logo intercultural y la educaci\u00f3n para el desarrollo de forma independiente, cient\u00edfica y rigurosa, desde hace m\u00e1s de tres d\u00e9cadas.","sameAs":["http:\/\/www.funci.org\/","Fundaciondeculturaislamica"],"url":"https:\/\/twistislamophobia.org\/en\/author\/funci\/"}]}},"_links":{"self":[{"href":"https:\/\/twistislamophobia.org\/en\/wp-json\/wp\/v2\/posts\/909","targetHints":{"allow":["GET"]}}],"collection":[{"href":"https:\/\/twistislamophobia.org\/en\/wp-json\/wp\/v2\/posts"}],"about":[{"href":"https:\/\/twistislamophobia.org\/en\/wp-json\/wp\/v2\/types\/post"}],"author":[{"embeddable":true,"href":"https:\/\/twistislamophobia.org\/en\/wp-json\/wp\/v2\/users\/2"}],"replies":[{"embeddable":true,"href":"https:\/\/twistislamophobia.org\/en\/wp-json\/wp\/v2\/comments?post=909"}],"version-history":[{"count":4,"href":"https:\/\/twistislamophobia.org\/en\/wp-json\/wp\/v2\/posts\/909\/revisions"}],"predecessor-version":[{"id":992,"href":"https:\/\/twistislamophobia.org\/en\/wp-json\/wp\/v2\/posts\/909\/revisions\/992"}],"wp:featuredmedia":[{"embeddable":true,"href":"https:\/\/twistislamophobia.org\/en\/wp-json\/wp\/v2\/media\/899"}],"wp:attachment":[{"href":"https:\/\/twistislamophobia.org\/en\/wp-json\/wp\/v2\/media?parent=909"}],"wp:term":[{"taxonomy":"category","embeddable":true,"href":"https:\/\/twistislamophobia.org\/en\/wp-json\/wp\/v2\/categories?post=909"},{"taxonomy":"post_tag","embeddable":true,"href":"https:\/\/twistislamophobia.org\/en\/wp-json\/wp\/v2\/tags?post=909"}],"curies":[{"name":"wp","href":"https:\/\/api.w.org\/{rel}","templated":true}]}}