{"id":864,"date":"2015-12-14T13:16:37","date_gmt":"2015-12-14T13:16:37","guid":{"rendered":"http:\/\/twistislamophobia.org\/en\/?p=864"},"modified":"2017-03-13T12:40:36","modified_gmt":"2017-03-13T12:40:36","slug":"canadian-children-greet-refugees","status":"publish","type":"post","link":"https:\/\/twistislamophobia.org\/en\/2015\/12\/14\/canadian-children-greet-refugees\/","title":{"rendered":"Canadian children greet refugees"},"content":{"rendered":"<p>A lesson of coexistence.<\/p>\n<p>In Canada, the Prime Minister, <a href=\"https:\/\/www.liberal.ca\/rt-hon-justin-trudeau\/\">Justin Trudeau<\/a>, has taught the world\u00a0a real lesson of coexistence and hospitality. Not only has he received a group of Syrian refugees at the steps of the plane, but he has received them with a beautiful video of a choir of children singing, in Arabic, one of the oldest songs of Islam, the traditional \u2018Tala\u2019 al\u2011Badru \u2018Alayna\u2019. This song was sung by the Ansar (helpers) of the Prophet Muhammad to the refugees that arrived to Medinah fleeing from Mecca.<\/p>\n<p>Click <a href=\"http:\/\/i100.independent.co.uk\/article\/canadian-children-performed-the-same-song-for-refugees-that-was-sung-to-mohamed-when-he-sought-refuge--bkgmHgATicl\">here <\/a>to see the video.<\/p>\n","protected":false},"excerpt":{"rendered":"<p>A lesson of coexistence. In Canada, the Prime Minister, Justin Trudeau, has taught the world\u00a0a real lesson of coexistence and hospitality. Not only has he received a group of Syrian refugees at the steps of the plane, but he has received them with a beautiful video of a choir of children singing, in Arabic, one of the oldest songs of Islam, the traditional \u2018Tala\u2019 al\u2011Badru \u2018Alayna\u2019. This song was sung by the Ansar (helpers) of the Prophet Muhammad to the refugees that arrived to Medinah fleeing from Mecca. Click here to see the video.<\/p>\n","protected":false},"author":2,"featured_media":869,"comment_status":"open","ping_status":"open","sticky":false,"template":"","format":"standard","meta":{"footnotes":""},"categories":[241,114],"tags":[204],"class_list":["post-864","post","type-post","status-publish","format-standard","has-post-thumbnail","hentry","category-coexist","category-multimedia-en","tag-refugees"],"yoast_head":"<!-- This site is optimized with the Yoast SEO plugin v27.4 - https:\/\/yoast.com\/product\/yoast-seo-wordpress\/ -->\n<title>Canadian children greet refugees - Twist Islamophobia<\/title>\n<meta name=\"robots\" content=\"index, follow, max-snippet:-1, max-image-preview:large, max-video-preview:-1\" \/>\n<link rel=\"canonical\" href=\"https:\/\/twistislamophobia.org\/en\/2015\/12\/14\/canadian-children-greet-refugees\/\" \/>\n<meta property=\"og:locale\" content=\"en_US\" \/>\n<meta property=\"og:type\" content=\"article\" \/>\n<meta property=\"og:title\" content=\"Canadian children greet refugees - Twist Islamophobia\" \/>\n<meta property=\"og:description\" content=\"A lesson of coexistence. In Canada, the Prime Minister, Justin Trudeau, has taught the world\u00a0a real lesson of coexistence and hospitality. Not only has he received a group of Syrian refugees at the steps of the plane, but he has received them with a beautiful video of a choir of children singing, in Arabic, one of the oldest songs of Islam, the traditional \u2018Tala\u2019 al\u2011Badru \u2018Alayna\u2019. This song was sung by the Ansar (helpers) of the Prophet Muhammad to the refugees that arrived to Medinah fleeing from Mecca. Click here to see the video.\" \/>\n<meta property=\"og:url\" content=\"https:\/\/twistislamophobia.org\/en\/2015\/12\/14\/canadian-children-greet-refugees\/\" \/>\n<meta property=\"og:site_name\" content=\"Twist Islamophobia\" \/>\n<meta property=\"article:author\" content=\"Fundaciondeculturaislamica\" \/>\n<meta property=\"article:published_time\" content=\"2015-12-14T13:16:37+00:00\" \/>\n<meta property=\"article:modified_time\" content=\"2017-03-13T12:40:36+00:00\" \/>\n<meta property=\"og:image\" content=\"https:\/\/twistislamophobia.org\/wp-content\/uploads\/2015\/12\/2232-1j1xwt01.jpg\" \/>\n\t<meta property=\"og:image:width\" content=\"1520\" \/>\n\t<meta property=\"og:image:height\" content=\"761\" \/>\n\t<meta property=\"og:image:type\" content=\"image\/jpeg\" \/>\n<meta name=\"author\" content=\"Fundaci\u00f3n de Cultura Isl\u00e1mica\" \/>\n<meta name=\"twitter:card\" content=\"summary_large_image\" \/>\n<meta name=\"twitter:label1\" content=\"Written by\" \/>\n\t<meta name=\"twitter:data1\" content=\"Fundaci\u00f3n de Cultura Isl\u00e1mica\" \/>\n<script type=\"application\/ld+json\" class=\"yoast-schema-graph\">{\"@context\":\"https:\\\/\\\/schema.org\",\"@graph\":[{\"@type\":\"Article\",\"@id\":\"https:\\\/\\\/twistislamophobia.org\\\/en\\\/2015\\\/12\\\/14\\\/canadian-children-greet-refugees\\\/#article\",\"isPartOf\":{\"@id\":\"https:\\\/\\\/twistislamophobia.org\\\/en\\\/2015\\\/12\\\/14\\\/canadian-children-greet-refugees\\\/\"},\"author\":{\"name\":\"Fundaci\u00f3n de Cultura Isl\u00e1mica\",\"@id\":\"https:\\\/\\\/twistislamophobia.org\\\/#\\\/schema\\\/person\\\/ad747f2d69cf56db855e7341a1478d0d\"},\"headline\":\"Canadian children greet refugees\",\"datePublished\":\"2015-12-14T13:16:37+00:00\",\"dateModified\":\"2017-03-13T12:40:36+00:00\",\"mainEntityOfPage\":{\"@id\":\"https:\\\/\\\/twistislamophobia.org\\\/en\\\/2015\\\/12\\\/14\\\/canadian-children-greet-refugees\\\/\"},\"wordCount\":100,\"commentCount\":0,\"image\":{\"@id\":\"https:\\\/\\\/twistislamophobia.org\\\/en\\\/2015\\\/12\\\/14\\\/canadian-children-greet-refugees\\\/#primaryimage\"},\"thumbnailUrl\":\"https:\\\/\\\/twistislamophobia.org\\\/wp-content\\\/uploads\\\/2015\\\/12\\\/2232-1j1xwt01.jpg\",\"keywords\":[\"Refugees\"],\"articleSection\":[\"Coexist\",\"Multimedia\"],\"inLanguage\":\"en-US\",\"potentialAction\":[{\"@type\":\"CommentAction\",\"name\":\"Comment\",\"target\":[\"https:\\\/\\\/twistislamophobia.org\\\/en\\\/2015\\\/12\\\/14\\\/canadian-children-greet-refugees\\\/#respond\"]}]},{\"@type\":\"WebPage\",\"@id\":\"https:\\\/\\\/twistislamophobia.org\\\/en\\\/2015\\\/12\\\/14\\\/canadian-children-greet-refugees\\\/\",\"url\":\"https:\\\/\\\/twistislamophobia.org\\\/en\\\/2015\\\/12\\\/14\\\/canadian-children-greet-refugees\\\/\",\"name\":\"Canadian children greet refugees - Twist Islamophobia\",\"isPartOf\":{\"@id\":\"https:\\\/\\\/twistislamophobia.org\\\/#website\"},\"primaryImageOfPage\":{\"@id\":\"https:\\\/\\\/twistislamophobia.org\\\/en\\\/2015\\\/12\\\/14\\\/canadian-children-greet-refugees\\\/#primaryimage\"},\"image\":{\"@id\":\"https:\\\/\\\/twistislamophobia.org\\\/en\\\/2015\\\/12\\\/14\\\/canadian-children-greet-refugees\\\/#primaryimage\"},\"thumbnailUrl\":\"https:\\\/\\\/twistislamophobia.org\\\/wp-content\\\/uploads\\\/2015\\\/12\\\/2232-1j1xwt01.jpg\",\"datePublished\":\"2015-12-14T13:16:37+00:00\",\"dateModified\":\"2017-03-13T12:40:36+00:00\",\"author\":{\"@id\":\"https:\\\/\\\/twistislamophobia.org\\\/#\\\/schema\\\/person\\\/ad747f2d69cf56db855e7341a1478d0d\"},\"breadcrumb\":{\"@id\":\"https:\\\/\\\/twistislamophobia.org\\\/en\\\/2015\\\/12\\\/14\\\/canadian-children-greet-refugees\\\/#breadcrumb\"},\"inLanguage\":\"en-US\",\"potentialAction\":[{\"@type\":\"ReadAction\",\"target\":[\"https:\\\/\\\/twistislamophobia.org\\\/en\\\/2015\\\/12\\\/14\\\/canadian-children-greet-refugees\\\/\"]}]},{\"@type\":\"ImageObject\",\"inLanguage\":\"en-US\",\"@id\":\"https:\\\/\\\/twistislamophobia.org\\\/en\\\/2015\\\/12\\\/14\\\/canadian-children-greet-refugees\\\/#primaryimage\",\"url\":\"https:\\\/\\\/twistislamophobia.org\\\/wp-content\\\/uploads\\\/2015\\\/12\\\/2232-1j1xwt01.jpg\",\"contentUrl\":\"https:\\\/\\\/twistislamophobia.org\\\/wp-content\\\/uploads\\\/2015\\\/12\\\/2232-1j1xwt01.jpg\",\"width\":1520,\"height\":761},{\"@type\":\"BreadcrumbList\",\"@id\":\"https:\\\/\\\/twistislamophobia.org\\\/en\\\/2015\\\/12\\\/14\\\/canadian-children-greet-refugees\\\/#breadcrumb\",\"itemListElement\":[{\"@type\":\"ListItem\",\"position\":1,\"name\":\"Portada\",\"item\":\"https:\\\/\\\/twistislamophobia.org\\\/\"},{\"@type\":\"ListItem\",\"position\":2,\"name\":\"Canadian children greet refugees\"}]},{\"@type\":\"WebSite\",\"@id\":\"https:\\\/\\\/twistislamophobia.org\\\/#website\",\"url\":\"https:\\\/\\\/twistislamophobia.org\\\/\",\"name\":\"Twist Islamophobia\",\"description\":\"porque las diferencias suman\",\"potentialAction\":[{\"@type\":\"SearchAction\",\"target\":{\"@type\":\"EntryPoint\",\"urlTemplate\":\"https:\\\/\\\/twistislamophobia.org\\\/?s={search_term_string}\"},\"query-input\":{\"@type\":\"PropertyValueSpecification\",\"valueRequired\":true,\"valueName\":\"search_term_string\"}}],\"inLanguage\":\"en-US\"},{\"@type\":\"Person\",\"@id\":\"https:\\\/\\\/twistislamophobia.org\\\/#\\\/schema\\\/person\\\/ad747f2d69cf56db855e7341a1478d0d\",\"name\":\"Fundaci\u00f3n de Cultura Isl\u00e1mica\",\"description\":\"La Fundaci\u00f3n de Cultura Isl\u00e1mica promueve el di\u00e1logo intercultural y la educaci\u00f3n para el desarrollo de forma independiente, cient\u00edfica y rigurosa, desde hace m\u00e1s de tres d\u00e9cadas.\",\"sameAs\":[\"http:\\\/\\\/www.funci.org\\\/\",\"Fundaciondeculturaislamica\"],\"url\":\"https:\\\/\\\/twistislamophobia.org\\\/en\\\/author\\\/funci\\\/\"}]}<\/script>\n<!-- \/ Yoast SEO plugin. -->","yoast_head_json":{"title":"Canadian children greet refugees - Twist Islamophobia","robots":{"index":"index","follow":"follow","max-snippet":"max-snippet:-1","max-image-preview":"max-image-preview:large","max-video-preview":"max-video-preview:-1"},"canonical":"https:\/\/twistislamophobia.org\/en\/2015\/12\/14\/canadian-children-greet-refugees\/","og_locale":"en_US","og_type":"article","og_title":"Canadian children greet refugees - Twist Islamophobia","og_description":"A lesson of coexistence. In Canada, the Prime Minister, Justin Trudeau, has taught the world\u00a0a real lesson of coexistence and hospitality. Not only has he received a group of Syrian refugees at the steps of the plane, but he has received them with a beautiful video of a choir of children singing, in Arabic, one of the oldest songs of Islam, the traditional \u2018Tala\u2019 al\u2011Badru \u2018Alayna\u2019. This song was sung by the Ansar (helpers) of the Prophet Muhammad to the refugees that arrived to Medinah fleeing from Mecca. Click here to see the video.","og_url":"https:\/\/twistislamophobia.org\/en\/2015\/12\/14\/canadian-children-greet-refugees\/","og_site_name":"Twist Islamophobia","article_author":"Fundaciondeculturaislamica","article_published_time":"2015-12-14T13:16:37+00:00","article_modified_time":"2017-03-13T12:40:36+00:00","og_image":[{"width":1520,"height":761,"url":"https:\/\/twistislamophobia.org\/wp-content\/uploads\/2015\/12\/2232-1j1xwt01.jpg","type":"image\/jpeg"}],"author":"Fundaci\u00f3n de Cultura Isl\u00e1mica","twitter_card":"summary_large_image","twitter_misc":{"Written by":"Fundaci\u00f3n de Cultura Isl\u00e1mica"},"schema":{"@context":"https:\/\/schema.org","@graph":[{"@type":"Article","@id":"https:\/\/twistislamophobia.org\/en\/2015\/12\/14\/canadian-children-greet-refugees\/#article","isPartOf":{"@id":"https:\/\/twistislamophobia.org\/en\/2015\/12\/14\/canadian-children-greet-refugees\/"},"author":{"name":"Fundaci\u00f3n de Cultura Isl\u00e1mica","@id":"https:\/\/twistislamophobia.org\/#\/schema\/person\/ad747f2d69cf56db855e7341a1478d0d"},"headline":"Canadian children greet refugees","datePublished":"2015-12-14T13:16:37+00:00","dateModified":"2017-03-13T12:40:36+00:00","mainEntityOfPage":{"@id":"https:\/\/twistislamophobia.org\/en\/2015\/12\/14\/canadian-children-greet-refugees\/"},"wordCount":100,"commentCount":0,"image":{"@id":"https:\/\/twistislamophobia.org\/en\/2015\/12\/14\/canadian-children-greet-refugees\/#primaryimage"},"thumbnailUrl":"https:\/\/twistislamophobia.org\/wp-content\/uploads\/2015\/12\/2232-1j1xwt01.jpg","keywords":["Refugees"],"articleSection":["Coexist","Multimedia"],"inLanguage":"en-US","potentialAction":[{"@type":"CommentAction","name":"Comment","target":["https:\/\/twistislamophobia.org\/en\/2015\/12\/14\/canadian-children-greet-refugees\/#respond"]}]},{"@type":"WebPage","@id":"https:\/\/twistislamophobia.org\/en\/2015\/12\/14\/canadian-children-greet-refugees\/","url":"https:\/\/twistislamophobia.org\/en\/2015\/12\/14\/canadian-children-greet-refugees\/","name":"Canadian children greet refugees - Twist Islamophobia","isPartOf":{"@id":"https:\/\/twistislamophobia.org\/#website"},"primaryImageOfPage":{"@id":"https:\/\/twistislamophobia.org\/en\/2015\/12\/14\/canadian-children-greet-refugees\/#primaryimage"},"image":{"@id":"https:\/\/twistislamophobia.org\/en\/2015\/12\/14\/canadian-children-greet-refugees\/#primaryimage"},"thumbnailUrl":"https:\/\/twistislamophobia.org\/wp-content\/uploads\/2015\/12\/2232-1j1xwt01.jpg","datePublished":"2015-12-14T13:16:37+00:00","dateModified":"2017-03-13T12:40:36+00:00","author":{"@id":"https:\/\/twistislamophobia.org\/#\/schema\/person\/ad747f2d69cf56db855e7341a1478d0d"},"breadcrumb":{"@id":"https:\/\/twistislamophobia.org\/en\/2015\/12\/14\/canadian-children-greet-refugees\/#breadcrumb"},"inLanguage":"en-US","potentialAction":[{"@type":"ReadAction","target":["https:\/\/twistislamophobia.org\/en\/2015\/12\/14\/canadian-children-greet-refugees\/"]}]},{"@type":"ImageObject","inLanguage":"en-US","@id":"https:\/\/twistislamophobia.org\/en\/2015\/12\/14\/canadian-children-greet-refugees\/#primaryimage","url":"https:\/\/twistislamophobia.org\/wp-content\/uploads\/2015\/12\/2232-1j1xwt01.jpg","contentUrl":"https:\/\/twistislamophobia.org\/wp-content\/uploads\/2015\/12\/2232-1j1xwt01.jpg","width":1520,"height":761},{"@type":"BreadcrumbList","@id":"https:\/\/twistislamophobia.org\/en\/2015\/12\/14\/canadian-children-greet-refugees\/#breadcrumb","itemListElement":[{"@type":"ListItem","position":1,"name":"Portada","item":"https:\/\/twistislamophobia.org\/"},{"@type":"ListItem","position":2,"name":"Canadian children greet refugees"}]},{"@type":"WebSite","@id":"https:\/\/twistislamophobia.org\/#website","url":"https:\/\/twistislamophobia.org\/","name":"Twist Islamophobia","description":"porque las diferencias suman","potentialAction":[{"@type":"SearchAction","target":{"@type":"EntryPoint","urlTemplate":"https:\/\/twistislamophobia.org\/?s={search_term_string}"},"query-input":{"@type":"PropertyValueSpecification","valueRequired":true,"valueName":"search_term_string"}}],"inLanguage":"en-US"},{"@type":"Person","@id":"https:\/\/twistislamophobia.org\/#\/schema\/person\/ad747f2d69cf56db855e7341a1478d0d","name":"Fundaci\u00f3n de Cultura Isl\u00e1mica","description":"La Fundaci\u00f3n de Cultura Isl\u00e1mica promueve el di\u00e1logo intercultural y la educaci\u00f3n para el desarrollo de forma independiente, cient\u00edfica y rigurosa, desde hace m\u00e1s de tres d\u00e9cadas.","sameAs":["http:\/\/www.funci.org\/","Fundaciondeculturaislamica"],"url":"https:\/\/twistislamophobia.org\/en\/author\/funci\/"}]}},"_links":{"self":[{"href":"https:\/\/twistislamophobia.org\/en\/wp-json\/wp\/v2\/posts\/864","targetHints":{"allow":["GET"]}}],"collection":[{"href":"https:\/\/twistislamophobia.org\/en\/wp-json\/wp\/v2\/posts"}],"about":[{"href":"https:\/\/twistislamophobia.org\/en\/wp-json\/wp\/v2\/types\/post"}],"author":[{"embeddable":true,"href":"https:\/\/twistislamophobia.org\/en\/wp-json\/wp\/v2\/users\/2"}],"replies":[{"embeddable":true,"href":"https:\/\/twistislamophobia.org\/en\/wp-json\/wp\/v2\/comments?post=864"}],"version-history":[{"count":9,"href":"https:\/\/twistislamophobia.org\/en\/wp-json\/wp\/v2\/posts\/864\/revisions"}],"predecessor-version":[{"id":914,"href":"https:\/\/twistislamophobia.org\/en\/wp-json\/wp\/v2\/posts\/864\/revisions\/914"}],"wp:featuredmedia":[{"embeddable":true,"href":"https:\/\/twistislamophobia.org\/en\/wp-json\/wp\/v2\/media\/869"}],"wp:attachment":[{"href":"https:\/\/twistislamophobia.org\/en\/wp-json\/wp\/v2\/media?parent=864"}],"wp:term":[{"taxonomy":"category","embeddable":true,"href":"https:\/\/twistislamophobia.org\/en\/wp-json\/wp\/v2\/categories?post=864"},{"taxonomy":"post_tag","embeddable":true,"href":"https:\/\/twistislamophobia.org\/en\/wp-json\/wp\/v2\/tags?post=864"}],"curies":[{"name":"wp","href":"https:\/\/api.w.org\/{rel}","templated":true}]}}