{"id":724,"date":"2015-12-10T11:44:56","date_gmt":"2015-12-10T11:44:56","guid":{"rendered":"http:\/\/trixma.net\/subdomains\/twist\/en\/?p=724"},"modified":"2017-03-13T12:40:37","modified_gmt":"2017-03-13T12:40:37","slug":"interview-to-the-philosopher-and-essayist-santiago-alba-rico","status":"publish","type":"post","link":"https:\/\/twistislamophobia.org\/en\/2015\/12\/10\/interview-to-the-philosopher-and-essayist-santiago-alba-rico\/","title":{"rendered":"Interview to the philosopher and essayist Santiago Alba Rico"},"content":{"rendered":"<p>The Spanish digital weekly newspaper <a href=\"http:\/\/ctxt.es\">Contexto y Acci\u00f3n <\/a>published last October 29 an interview to the philosopher and essayist Santiago Alba Rico, who just published the essay: <a href=\"http:\/\/www.icariaeditorial.com\/libros.php?id=1537\">Islamofobia. Nosotros, los otros, el miedo<\/a> (<em>Islamophobia. We, the others, the fear<\/em>). In this book, the philosopher offers a critical and in depth analysis of this phenomenon, offering facts and data on its construction. His goal is to alert of the danger we are facing.<\/p>\n<p>According to the philosopher, it is very important to think about this danger which is very real and that is having many destructive effects in political and institutional terms, as well as anthropological.<\/p>\n<p>Throughout the interview, he explains how the answer to jihadism and its consequences, regarding the islamophobia it can create, can be more dangerous than radical Islam. In order to do so, he describes the dangers islamophobia is hiding, analyzing specific cases of Spain and Europe, of Daesh and of the refugee crisis.<\/p>\n<p>Click <a href=\"http:\/\/ctxt.es\/es\/20151028\/Politica\/2765\/Islamofobia-Santiago-Alba-Rico-Entrevista-revoluciones-arabes-yihadismo-Entrevistas-Europa-contra-s%C3%AD-misma.htm\" target=\"_blank\">here<\/a> to read the interview (in Spanish).<\/p>\n","protected":false},"excerpt":{"rendered":"<p>The Spanish digital weekly newspaper Contexto y Acci\u00f3n published last October 29 an interview to the philosopher and essayist Santiago Alba Rico, who just published the essay: Islamofobia. Nosotros, los otros, el miedo (Islamophobia. We, the others, the fear). In this book, the philosopher offers a critical and in depth analysis of this phenomenon, offering facts and data on its construction. His goal is to alert of the danger we are facing. According to the philosopher, it is very important to think about this danger which is very real and that is having many destructive effects in political and institutional terms, as well as anthropological. Throughout the interview, he explains how the answer to jihadism and its consequences, regarding the islamophobia it can create, can be more dangerous than radical Islam. In order to do so, he describes the dangers islamophobia is hiding, analyzing specific cases of Spain and Europe, of Daesh and of the refugee crisis. Click here to read the interview (in Spanish).<\/p>\n","protected":false},"author":2,"featured_media":700,"comment_status":"open","ping_status":"open","sticky":false,"template":"","format":"standard","meta":{"footnotes":""},"categories":[115],"tags":[200,148],"class_list":["post-724","post","type-post","status-publish","format-standard","has-post-thumbnail","hentry","category-share-en","tag-books","tag-interview-en"],"yoast_head":"<!-- This site is optimized with the Yoast SEO plugin v27.4 - https:\/\/yoast.com\/product\/yoast-seo-wordpress\/ -->\n<title>Interview to the philosopher and essayist Santiago Alba Rico - Twist Islamophobia<\/title>\n<meta name=\"robots\" content=\"index, follow, max-snippet:-1, max-image-preview:large, max-video-preview:-1\" \/>\n<link rel=\"canonical\" href=\"https:\/\/twistislamophobia.org\/en\/2015\/12\/10\/interview-to-the-philosopher-and-essayist-santiago-alba-rico\/\" \/>\n<meta property=\"og:locale\" content=\"en_US\" \/>\n<meta property=\"og:type\" content=\"article\" \/>\n<meta property=\"og:title\" content=\"Interview to the philosopher and essayist Santiago Alba Rico - Twist Islamophobia\" \/>\n<meta property=\"og:description\" content=\"The Spanish digital weekly newspaper Contexto y Acci\u00f3n published last October 29 an interview to the philosopher and essayist Santiago Alba Rico, who just published the essay: Islamofobia. Nosotros, los otros, el miedo (Islamophobia. We, the others, the fear). In this book, the philosopher offers a critical and in depth analysis of this phenomenon, offering facts and data on its construction. His goal is to alert of the danger we are facing. According to the philosopher, it is very important to think about this danger which is very real and that is having many destructive effects in political and institutional terms, as well as anthropological. Throughout the interview, he explains how the answer to jihadism and its consequences, regarding the islamophobia it can create, can be more dangerous than radical Islam. In order to do so, he describes the dangers islamophobia is hiding, analyzing specific cases of Spain and Europe, of Daesh and of the refugee crisis. Click here to read the interview (in Spanish).\" \/>\n<meta property=\"og:url\" content=\"https:\/\/twistislamophobia.org\/en\/2015\/12\/10\/interview-to-the-philosopher-and-essayist-santiago-alba-rico\/\" \/>\n<meta property=\"og:site_name\" content=\"Twist Islamophobia\" \/>\n<meta property=\"article:author\" content=\"Fundaciondeculturaislamica\" \/>\n<meta property=\"article:published_time\" content=\"2015-12-10T11:44:56+00:00\" \/>\n<meta property=\"article:modified_time\" content=\"2017-03-13T12:40:37+00:00\" \/>\n<meta property=\"og:image\" content=\"https:\/\/twistislamophobia.org\/wp-content\/uploads\/2015\/12\/alba_rico.gif\" \/>\n\t<meta property=\"og:image:width\" content=\"431\" \/>\n\t<meta property=\"og:image:height\" content=\"688\" \/>\n\t<meta property=\"og:image:type\" content=\"image\/gif\" \/>\n<meta name=\"author\" content=\"Fundaci\u00f3n de Cultura Isl\u00e1mica\" \/>\n<meta name=\"twitter:card\" content=\"summary_large_image\" \/>\n<meta name=\"twitter:label1\" content=\"Written by\" \/>\n\t<meta name=\"twitter:data1\" content=\"Fundaci\u00f3n de Cultura Isl\u00e1mica\" \/>\n\t<meta name=\"twitter:label2\" content=\"Est. reading time\" \/>\n\t<meta name=\"twitter:data2\" content=\"1 minute\" \/>\n<script type=\"application\/ld+json\" class=\"yoast-schema-graph\">{\"@context\":\"https:\\\/\\\/schema.org\",\"@graph\":[{\"@type\":\"Article\",\"@id\":\"https:\\\/\\\/twistislamophobia.org\\\/en\\\/2015\\\/12\\\/10\\\/interview-to-the-philosopher-and-essayist-santiago-alba-rico\\\/#article\",\"isPartOf\":{\"@id\":\"https:\\\/\\\/twistislamophobia.org\\\/en\\\/2015\\\/12\\\/10\\\/interview-to-the-philosopher-and-essayist-santiago-alba-rico\\\/\"},\"author\":{\"name\":\"Fundaci\u00f3n de Cultura Isl\u00e1mica\",\"@id\":\"https:\\\/\\\/twistislamophobia.org\\\/#\\\/schema\\\/person\\\/ad747f2d69cf56db855e7341a1478d0d\"},\"headline\":\"Interview to the philosopher and essayist Santiago Alba Rico\",\"datePublished\":\"2015-12-10T11:44:56+00:00\",\"dateModified\":\"2017-03-13T12:40:37+00:00\",\"mainEntityOfPage\":{\"@id\":\"https:\\\/\\\/twistislamophobia.org\\\/en\\\/2015\\\/12\\\/10\\\/interview-to-the-philosopher-and-essayist-santiago-alba-rico\\\/\"},\"wordCount\":174,\"commentCount\":0,\"image\":{\"@id\":\"https:\\\/\\\/twistislamophobia.org\\\/en\\\/2015\\\/12\\\/10\\\/interview-to-the-philosopher-and-essayist-santiago-alba-rico\\\/#primaryimage\"},\"thumbnailUrl\":\"https:\\\/\\\/twistislamophobia.org\\\/wp-content\\\/uploads\\\/2015\\\/12\\\/alba_rico.gif\",\"keywords\":[\"books\",\"interview\"],\"articleSection\":[\"Share\"],\"inLanguage\":\"en-US\",\"potentialAction\":[{\"@type\":\"CommentAction\",\"name\":\"Comment\",\"target\":[\"https:\\\/\\\/twistislamophobia.org\\\/en\\\/2015\\\/12\\\/10\\\/interview-to-the-philosopher-and-essayist-santiago-alba-rico\\\/#respond\"]}]},{\"@type\":\"WebPage\",\"@id\":\"https:\\\/\\\/twistislamophobia.org\\\/en\\\/2015\\\/12\\\/10\\\/interview-to-the-philosopher-and-essayist-santiago-alba-rico\\\/\",\"url\":\"https:\\\/\\\/twistislamophobia.org\\\/en\\\/2015\\\/12\\\/10\\\/interview-to-the-philosopher-and-essayist-santiago-alba-rico\\\/\",\"name\":\"Interview to the philosopher and essayist Santiago Alba Rico - Twist Islamophobia\",\"isPartOf\":{\"@id\":\"https:\\\/\\\/twistislamophobia.org\\\/#website\"},\"primaryImageOfPage\":{\"@id\":\"https:\\\/\\\/twistislamophobia.org\\\/en\\\/2015\\\/12\\\/10\\\/interview-to-the-philosopher-and-essayist-santiago-alba-rico\\\/#primaryimage\"},\"image\":{\"@id\":\"https:\\\/\\\/twistislamophobia.org\\\/en\\\/2015\\\/12\\\/10\\\/interview-to-the-philosopher-and-essayist-santiago-alba-rico\\\/#primaryimage\"},\"thumbnailUrl\":\"https:\\\/\\\/twistislamophobia.org\\\/wp-content\\\/uploads\\\/2015\\\/12\\\/alba_rico.gif\",\"datePublished\":\"2015-12-10T11:44:56+00:00\",\"dateModified\":\"2017-03-13T12:40:37+00:00\",\"author\":{\"@id\":\"https:\\\/\\\/twistislamophobia.org\\\/#\\\/schema\\\/person\\\/ad747f2d69cf56db855e7341a1478d0d\"},\"breadcrumb\":{\"@id\":\"https:\\\/\\\/twistislamophobia.org\\\/en\\\/2015\\\/12\\\/10\\\/interview-to-the-philosopher-and-essayist-santiago-alba-rico\\\/#breadcrumb\"},\"inLanguage\":\"en-US\",\"potentialAction\":[{\"@type\":\"ReadAction\",\"target\":[\"https:\\\/\\\/twistislamophobia.org\\\/en\\\/2015\\\/12\\\/10\\\/interview-to-the-philosopher-and-essayist-santiago-alba-rico\\\/\"]}]},{\"@type\":\"ImageObject\",\"inLanguage\":\"en-US\",\"@id\":\"https:\\\/\\\/twistislamophobia.org\\\/en\\\/2015\\\/12\\\/10\\\/interview-to-the-philosopher-and-essayist-santiago-alba-rico\\\/#primaryimage\",\"url\":\"https:\\\/\\\/twistislamophobia.org\\\/wp-content\\\/uploads\\\/2015\\\/12\\\/alba_rico.gif\",\"contentUrl\":\"https:\\\/\\\/twistislamophobia.org\\\/wp-content\\\/uploads\\\/2015\\\/12\\\/alba_rico.gif\",\"width\":431,\"height\":688},{\"@type\":\"BreadcrumbList\",\"@id\":\"https:\\\/\\\/twistislamophobia.org\\\/en\\\/2015\\\/12\\\/10\\\/interview-to-the-philosopher-and-essayist-santiago-alba-rico\\\/#breadcrumb\",\"itemListElement\":[{\"@type\":\"ListItem\",\"position\":1,\"name\":\"Portada\",\"item\":\"https:\\\/\\\/twistislamophobia.org\\\/\"},{\"@type\":\"ListItem\",\"position\":2,\"name\":\"Interview to the philosopher and essayist Santiago Alba Rico\"}]},{\"@type\":\"WebSite\",\"@id\":\"https:\\\/\\\/twistislamophobia.org\\\/#website\",\"url\":\"https:\\\/\\\/twistislamophobia.org\\\/\",\"name\":\"Twist Islamophobia\",\"description\":\"porque las diferencias suman\",\"potentialAction\":[{\"@type\":\"SearchAction\",\"target\":{\"@type\":\"EntryPoint\",\"urlTemplate\":\"https:\\\/\\\/twistislamophobia.org\\\/?s={search_term_string}\"},\"query-input\":{\"@type\":\"PropertyValueSpecification\",\"valueRequired\":true,\"valueName\":\"search_term_string\"}}],\"inLanguage\":\"en-US\"},{\"@type\":\"Person\",\"@id\":\"https:\\\/\\\/twistislamophobia.org\\\/#\\\/schema\\\/person\\\/ad747f2d69cf56db855e7341a1478d0d\",\"name\":\"Fundaci\u00f3n de Cultura Isl\u00e1mica\",\"description\":\"La Fundaci\u00f3n de Cultura Isl\u00e1mica promueve el di\u00e1logo intercultural y la educaci\u00f3n para el desarrollo de forma independiente, cient\u00edfica y rigurosa, desde hace m\u00e1s de tres d\u00e9cadas.\",\"sameAs\":[\"http:\\\/\\\/www.funci.org\\\/\",\"Fundaciondeculturaislamica\"],\"url\":\"https:\\\/\\\/twistislamophobia.org\\\/en\\\/author\\\/funci\\\/\"}]}<\/script>\n<!-- \/ Yoast SEO plugin. -->","yoast_head_json":{"title":"Interview to the philosopher and essayist Santiago Alba Rico - Twist Islamophobia","robots":{"index":"index","follow":"follow","max-snippet":"max-snippet:-1","max-image-preview":"max-image-preview:large","max-video-preview":"max-video-preview:-1"},"canonical":"https:\/\/twistislamophobia.org\/en\/2015\/12\/10\/interview-to-the-philosopher-and-essayist-santiago-alba-rico\/","og_locale":"en_US","og_type":"article","og_title":"Interview to the philosopher and essayist Santiago Alba Rico - Twist Islamophobia","og_description":"The Spanish digital weekly newspaper Contexto y Acci\u00f3n published last October 29 an interview to the philosopher and essayist Santiago Alba Rico, who just published the essay: Islamofobia. Nosotros, los otros, el miedo (Islamophobia. We, the others, the fear). In this book, the philosopher offers a critical and in depth analysis of this phenomenon, offering facts and data on its construction. His goal is to alert of the danger we are facing. According to the philosopher, it is very important to think about this danger which is very real and that is having many destructive effects in political and institutional terms, as well as anthropological. Throughout the interview, he explains how the answer to jihadism and its consequences, regarding the islamophobia it can create, can be more dangerous than radical Islam. In order to do so, he describes the dangers islamophobia is hiding, analyzing specific cases of Spain and Europe, of Daesh and of the refugee crisis. Click here to read the interview (in Spanish).","og_url":"https:\/\/twistislamophobia.org\/en\/2015\/12\/10\/interview-to-the-philosopher-and-essayist-santiago-alba-rico\/","og_site_name":"Twist Islamophobia","article_author":"Fundaciondeculturaislamica","article_published_time":"2015-12-10T11:44:56+00:00","article_modified_time":"2017-03-13T12:40:37+00:00","og_image":[{"width":431,"height":688,"url":"https:\/\/twistislamophobia.org\/wp-content\/uploads\/2015\/12\/alba_rico.gif","type":"image\/gif"}],"author":"Fundaci\u00f3n de Cultura Isl\u00e1mica","twitter_card":"summary_large_image","twitter_misc":{"Written by":"Fundaci\u00f3n de Cultura Isl\u00e1mica","Est. reading time":"1 minute"},"schema":{"@context":"https:\/\/schema.org","@graph":[{"@type":"Article","@id":"https:\/\/twistislamophobia.org\/en\/2015\/12\/10\/interview-to-the-philosopher-and-essayist-santiago-alba-rico\/#article","isPartOf":{"@id":"https:\/\/twistislamophobia.org\/en\/2015\/12\/10\/interview-to-the-philosopher-and-essayist-santiago-alba-rico\/"},"author":{"name":"Fundaci\u00f3n de Cultura Isl\u00e1mica","@id":"https:\/\/twistislamophobia.org\/#\/schema\/person\/ad747f2d69cf56db855e7341a1478d0d"},"headline":"Interview to the philosopher and essayist Santiago Alba Rico","datePublished":"2015-12-10T11:44:56+00:00","dateModified":"2017-03-13T12:40:37+00:00","mainEntityOfPage":{"@id":"https:\/\/twistislamophobia.org\/en\/2015\/12\/10\/interview-to-the-philosopher-and-essayist-santiago-alba-rico\/"},"wordCount":174,"commentCount":0,"image":{"@id":"https:\/\/twistislamophobia.org\/en\/2015\/12\/10\/interview-to-the-philosopher-and-essayist-santiago-alba-rico\/#primaryimage"},"thumbnailUrl":"https:\/\/twistislamophobia.org\/wp-content\/uploads\/2015\/12\/alba_rico.gif","keywords":["books","interview"],"articleSection":["Share"],"inLanguage":"en-US","potentialAction":[{"@type":"CommentAction","name":"Comment","target":["https:\/\/twistislamophobia.org\/en\/2015\/12\/10\/interview-to-the-philosopher-and-essayist-santiago-alba-rico\/#respond"]}]},{"@type":"WebPage","@id":"https:\/\/twistislamophobia.org\/en\/2015\/12\/10\/interview-to-the-philosopher-and-essayist-santiago-alba-rico\/","url":"https:\/\/twistislamophobia.org\/en\/2015\/12\/10\/interview-to-the-philosopher-and-essayist-santiago-alba-rico\/","name":"Interview to the philosopher and essayist Santiago Alba Rico - Twist Islamophobia","isPartOf":{"@id":"https:\/\/twistislamophobia.org\/#website"},"primaryImageOfPage":{"@id":"https:\/\/twistislamophobia.org\/en\/2015\/12\/10\/interview-to-the-philosopher-and-essayist-santiago-alba-rico\/#primaryimage"},"image":{"@id":"https:\/\/twistislamophobia.org\/en\/2015\/12\/10\/interview-to-the-philosopher-and-essayist-santiago-alba-rico\/#primaryimage"},"thumbnailUrl":"https:\/\/twistislamophobia.org\/wp-content\/uploads\/2015\/12\/alba_rico.gif","datePublished":"2015-12-10T11:44:56+00:00","dateModified":"2017-03-13T12:40:37+00:00","author":{"@id":"https:\/\/twistislamophobia.org\/#\/schema\/person\/ad747f2d69cf56db855e7341a1478d0d"},"breadcrumb":{"@id":"https:\/\/twistislamophobia.org\/en\/2015\/12\/10\/interview-to-the-philosopher-and-essayist-santiago-alba-rico\/#breadcrumb"},"inLanguage":"en-US","potentialAction":[{"@type":"ReadAction","target":["https:\/\/twistislamophobia.org\/en\/2015\/12\/10\/interview-to-the-philosopher-and-essayist-santiago-alba-rico\/"]}]},{"@type":"ImageObject","inLanguage":"en-US","@id":"https:\/\/twistislamophobia.org\/en\/2015\/12\/10\/interview-to-the-philosopher-and-essayist-santiago-alba-rico\/#primaryimage","url":"https:\/\/twistislamophobia.org\/wp-content\/uploads\/2015\/12\/alba_rico.gif","contentUrl":"https:\/\/twistislamophobia.org\/wp-content\/uploads\/2015\/12\/alba_rico.gif","width":431,"height":688},{"@type":"BreadcrumbList","@id":"https:\/\/twistislamophobia.org\/en\/2015\/12\/10\/interview-to-the-philosopher-and-essayist-santiago-alba-rico\/#breadcrumb","itemListElement":[{"@type":"ListItem","position":1,"name":"Portada","item":"https:\/\/twistislamophobia.org\/"},{"@type":"ListItem","position":2,"name":"Interview to the philosopher and essayist Santiago Alba Rico"}]},{"@type":"WebSite","@id":"https:\/\/twistislamophobia.org\/#website","url":"https:\/\/twistislamophobia.org\/","name":"Twist Islamophobia","description":"porque las diferencias suman","potentialAction":[{"@type":"SearchAction","target":{"@type":"EntryPoint","urlTemplate":"https:\/\/twistislamophobia.org\/?s={search_term_string}"},"query-input":{"@type":"PropertyValueSpecification","valueRequired":true,"valueName":"search_term_string"}}],"inLanguage":"en-US"},{"@type":"Person","@id":"https:\/\/twistislamophobia.org\/#\/schema\/person\/ad747f2d69cf56db855e7341a1478d0d","name":"Fundaci\u00f3n de Cultura Isl\u00e1mica","description":"La Fundaci\u00f3n de Cultura Isl\u00e1mica promueve el di\u00e1logo intercultural y la educaci\u00f3n para el desarrollo de forma independiente, cient\u00edfica y rigurosa, desde hace m\u00e1s de tres d\u00e9cadas.","sameAs":["http:\/\/www.funci.org\/","Fundaciondeculturaislamica"],"url":"https:\/\/twistislamophobia.org\/en\/author\/funci\/"}]}},"_links":{"self":[{"href":"https:\/\/twistislamophobia.org\/en\/wp-json\/wp\/v2\/posts\/724","targetHints":{"allow":["GET"]}}],"collection":[{"href":"https:\/\/twistislamophobia.org\/en\/wp-json\/wp\/v2\/posts"}],"about":[{"href":"https:\/\/twistislamophobia.org\/en\/wp-json\/wp\/v2\/types\/post"}],"author":[{"embeddable":true,"href":"https:\/\/twistislamophobia.org\/en\/wp-json\/wp\/v2\/users\/2"}],"replies":[{"embeddable":true,"href":"https:\/\/twistislamophobia.org\/en\/wp-json\/wp\/v2\/comments?post=724"}],"version-history":[{"count":3,"href":"https:\/\/twistislamophobia.org\/en\/wp-json\/wp\/v2\/posts\/724\/revisions"}],"predecessor-version":[{"id":963,"href":"https:\/\/twistislamophobia.org\/en\/wp-json\/wp\/v2\/posts\/724\/revisions\/963"}],"wp:featuredmedia":[{"embeddable":true,"href":"https:\/\/twistislamophobia.org\/en\/wp-json\/wp\/v2\/media\/700"}],"wp:attachment":[{"href":"https:\/\/twistislamophobia.org\/en\/wp-json\/wp\/v2\/media?parent=724"}],"wp:term":[{"taxonomy":"category","embeddable":true,"href":"https:\/\/twistislamophobia.org\/en\/wp-json\/wp\/v2\/categories?post=724"},{"taxonomy":"post_tag","embeddable":true,"href":"https:\/\/twistislamophobia.org\/en\/wp-json\/wp\/v2\/tags?post=724"}],"curies":[{"name":"wp","href":"https:\/\/api.w.org\/{rel}","templated":true}]}}