{"id":670,"date":"2015-12-10T09:13:42","date_gmt":"2015-12-10T09:13:42","guid":{"rendered":"http:\/\/trixma.net\/subdomains\/twist\/en\/?p=670"},"modified":"2017-03-13T12:40:38","modified_gmt":"2017-03-13T12:40:38","slug":"children-condemn-terrorism","status":"publish","type":"post","link":"https:\/\/twistislamophobia.org\/en\/2015\/12\/10\/children-condemn-terrorism\/","title":{"rendered":"Children condemn terrorism"},"content":{"rendered":"<p>In recent years, it has become a default expectation that certain communities, and Muslims in particular, apologize for and formally distance themselves from matters that occur in other parts of the world &#8211; especially acts of terrorism. The consequence is that certain groups and individuals are constantly associated with terrible events they have nothing to do with. This mechanism \u2013 also known as \u201cguilt by association\u201d or the imposition of \u201ccollective guilt\u201d \u2013 has become normalized. Rather than bringing people together, it causes segregation.<\/p>\n<p>The idea was sparked to use a short educational film that reveals how children handle these kinds of accusations, prejudices and suspicions. What happens is that their self-esteem, self-image and self-confidence is damaged. You see, for example, how rapidly a young boy who wants to become a superhero can be talked into seeing himself as a villain. This is\u00a0what is happening at a macro level, where we have been talking certain communities into feelings of collective guilt for years.<\/p>\n","protected":false},"excerpt":{"rendered":"<p>In recent years, it has become a default expectation that certain communities, and Muslims in particular, apologize for and formally distance themselves from matters that occur in other parts of the world &#8211; especially acts of terrorism. The consequence is that certain groups and individuals are constantly associated with terrible events they have nothing to do with. This mechanism \u2013 also known as \u201cguilt by association\u201d or the imposition of \u201ccollective guilt\u201d \u2013 has become normalized. Rather than bringing people together, it causes segregation. The idea was sparked to use a short educational film that reveals how children handle these kinds of accusations, prejudices and suspicions. What happens is that their self-esteem, self-image and self-confidence is damaged. You see, for example, how rapidly a young boy who wants to become a superhero can be talked into seeing himself as a villain. This is\u00a0what is happening at a macro level, where we have been talking certain communities into feelings of collective guilt for years.<\/p>\n","protected":false},"author":2,"featured_media":668,"comment_status":"open","ping_status":"open","sticky":false,"template":"","format":"standard","meta":{"footnotes":""},"categories":[114],"tags":[181,170],"class_list":["post-670","post","type-post","status-publish","format-standard","has-post-thumbnail","hentry","category-multimedia-en","tag-children","tag-videos-en"],"yoast_head":"<!-- This site is optimized with the Yoast SEO plugin v27.4 - https:\/\/yoast.com\/product\/yoast-seo-wordpress\/ -->\n<title>Children condemn terrorism - Twist Islamophobia<\/title>\n<meta name=\"robots\" content=\"index, follow, max-snippet:-1, max-image-preview:large, max-video-preview:-1\" \/>\n<link rel=\"canonical\" href=\"https:\/\/twistislamophobia.org\/en\/2015\/12\/10\/children-condemn-terrorism\/\" \/>\n<meta property=\"og:locale\" content=\"en_US\" \/>\n<meta property=\"og:type\" content=\"article\" \/>\n<meta property=\"og:title\" content=\"Children condemn terrorism - Twist Islamophobia\" \/>\n<meta property=\"og:description\" content=\"In recent years, it has become a default expectation that certain communities, and Muslims in particular, apologize for and formally distance themselves from matters that occur in other parts of the world &#8211; especially acts of terrorism. The consequence is that certain groups and individuals are constantly associated with terrible events they have nothing to do with. This mechanism \u2013 also known as \u201cguilt by association\u201d or the imposition of \u201ccollective guilt\u201d \u2013 has become normalized. Rather than bringing people together, it causes segregation. The idea was sparked to use a short educational film that reveals how children handle these kinds of accusations, prejudices and suspicions. What happens is that their self-esteem, self-image and self-confidence is damaged. You see, for example, how rapidly a young boy who wants to become a superhero can be talked into seeing himself as a villain. This is\u00a0what is happening at a macro level, where we have been talking certain communities into feelings of collective guilt for years.\" \/>\n<meta property=\"og:url\" content=\"https:\/\/twistislamophobia.org\/en\/2015\/12\/10\/children-condemn-terrorism\/\" \/>\n<meta property=\"og:site_name\" content=\"Twist Islamophobia\" \/>\n<meta property=\"article:author\" content=\"Fundaciondeculturaislamica\" \/>\n<meta property=\"article:published_time\" content=\"2015-12-10T09:13:42+00:00\" \/>\n<meta property=\"article:modified_time\" content=\"2017-03-13T12:40:38+00:00\" \/>\n<meta property=\"og:image\" content=\"https:\/\/twistislamophobia.org\/wp-content\/uploads\/2015\/12\/video-los-ninos-condenan-el-terrorismo.png\" \/>\n\t<meta property=\"og:image:width\" content=\"659\" \/>\n\t<meta property=\"og:image:height\" content=\"411\" \/>\n\t<meta property=\"og:image:type\" content=\"image\/png\" \/>\n<meta name=\"author\" content=\"Fundaci\u00f3n de Cultura Isl\u00e1mica\" \/>\n<meta name=\"twitter:card\" content=\"summary_large_image\" \/>\n<meta name=\"twitter:label1\" content=\"Written by\" \/>\n\t<meta name=\"twitter:data1\" content=\"Fundaci\u00f3n de Cultura Isl\u00e1mica\" \/>\n\t<meta name=\"twitter:label2\" content=\"Est. reading time\" \/>\n\t<meta name=\"twitter:data2\" content=\"1 minute\" \/>\n<script type=\"application\/ld+json\" class=\"yoast-schema-graph\">{\"@context\":\"https:\\\/\\\/schema.org\",\"@graph\":[{\"@type\":\"Article\",\"@id\":\"https:\\\/\\\/twistislamophobia.org\\\/en\\\/2015\\\/12\\\/10\\\/children-condemn-terrorism\\\/#article\",\"isPartOf\":{\"@id\":\"https:\\\/\\\/twistislamophobia.org\\\/en\\\/2015\\\/12\\\/10\\\/children-condemn-terrorism\\\/\"},\"author\":{\"name\":\"Fundaci\u00f3n de Cultura Isl\u00e1mica\",\"@id\":\"https:\\\/\\\/twistislamophobia.org\\\/#\\\/schema\\\/person\\\/ad747f2d69cf56db855e7341a1478d0d\"},\"headline\":\"Children condemn terrorism\",\"datePublished\":\"2015-12-10T09:13:42+00:00\",\"dateModified\":\"2017-03-13T12:40:38+00:00\",\"mainEntityOfPage\":{\"@id\":\"https:\\\/\\\/twistislamophobia.org\\\/en\\\/2015\\\/12\\\/10\\\/children-condemn-terrorism\\\/\"},\"wordCount\":165,\"commentCount\":0,\"image\":{\"@id\":\"https:\\\/\\\/twistislamophobia.org\\\/en\\\/2015\\\/12\\\/10\\\/children-condemn-terrorism\\\/#primaryimage\"},\"thumbnailUrl\":\"https:\\\/\\\/twistislamophobia.org\\\/wp-content\\\/uploads\\\/2015\\\/12\\\/video-los-ninos-condenan-el-terrorismo.png\",\"keywords\":[\"children\",\"videos\"],\"articleSection\":[\"Multimedia\"],\"inLanguage\":\"en-US\",\"potentialAction\":[{\"@type\":\"CommentAction\",\"name\":\"Comment\",\"target\":[\"https:\\\/\\\/twistislamophobia.org\\\/en\\\/2015\\\/12\\\/10\\\/children-condemn-terrorism\\\/#respond\"]}]},{\"@type\":\"WebPage\",\"@id\":\"https:\\\/\\\/twistislamophobia.org\\\/en\\\/2015\\\/12\\\/10\\\/children-condemn-terrorism\\\/\",\"url\":\"https:\\\/\\\/twistislamophobia.org\\\/en\\\/2015\\\/12\\\/10\\\/children-condemn-terrorism\\\/\",\"name\":\"Children condemn terrorism - Twist Islamophobia\",\"isPartOf\":{\"@id\":\"https:\\\/\\\/twistislamophobia.org\\\/#website\"},\"primaryImageOfPage\":{\"@id\":\"https:\\\/\\\/twistislamophobia.org\\\/en\\\/2015\\\/12\\\/10\\\/children-condemn-terrorism\\\/#primaryimage\"},\"image\":{\"@id\":\"https:\\\/\\\/twistislamophobia.org\\\/en\\\/2015\\\/12\\\/10\\\/children-condemn-terrorism\\\/#primaryimage\"},\"thumbnailUrl\":\"https:\\\/\\\/twistislamophobia.org\\\/wp-content\\\/uploads\\\/2015\\\/12\\\/video-los-ninos-condenan-el-terrorismo.png\",\"datePublished\":\"2015-12-10T09:13:42+00:00\",\"dateModified\":\"2017-03-13T12:40:38+00:00\",\"author\":{\"@id\":\"https:\\\/\\\/twistislamophobia.org\\\/#\\\/schema\\\/person\\\/ad747f2d69cf56db855e7341a1478d0d\"},\"breadcrumb\":{\"@id\":\"https:\\\/\\\/twistislamophobia.org\\\/en\\\/2015\\\/12\\\/10\\\/children-condemn-terrorism\\\/#breadcrumb\"},\"inLanguage\":\"en-US\",\"potentialAction\":[{\"@type\":\"ReadAction\",\"target\":[\"https:\\\/\\\/twistislamophobia.org\\\/en\\\/2015\\\/12\\\/10\\\/children-condemn-terrorism\\\/\"]}]},{\"@type\":\"ImageObject\",\"inLanguage\":\"en-US\",\"@id\":\"https:\\\/\\\/twistislamophobia.org\\\/en\\\/2015\\\/12\\\/10\\\/children-condemn-terrorism\\\/#primaryimage\",\"url\":\"https:\\\/\\\/twistislamophobia.org\\\/wp-content\\\/uploads\\\/2015\\\/12\\\/video-los-ninos-condenan-el-terrorismo.png\",\"contentUrl\":\"https:\\\/\\\/twistislamophobia.org\\\/wp-content\\\/uploads\\\/2015\\\/12\\\/video-los-ninos-condenan-el-terrorismo.png\",\"width\":659,\"height\":411},{\"@type\":\"BreadcrumbList\",\"@id\":\"https:\\\/\\\/twistislamophobia.org\\\/en\\\/2015\\\/12\\\/10\\\/children-condemn-terrorism\\\/#breadcrumb\",\"itemListElement\":[{\"@type\":\"ListItem\",\"position\":1,\"name\":\"Portada\",\"item\":\"https:\\\/\\\/twistislamophobia.org\\\/\"},{\"@type\":\"ListItem\",\"position\":2,\"name\":\"Children condemn terrorism\"}]},{\"@type\":\"WebSite\",\"@id\":\"https:\\\/\\\/twistislamophobia.org\\\/#website\",\"url\":\"https:\\\/\\\/twistislamophobia.org\\\/\",\"name\":\"Twist Islamophobia\",\"description\":\"porque las diferencias suman\",\"potentialAction\":[{\"@type\":\"SearchAction\",\"target\":{\"@type\":\"EntryPoint\",\"urlTemplate\":\"https:\\\/\\\/twistislamophobia.org\\\/?s={search_term_string}\"},\"query-input\":{\"@type\":\"PropertyValueSpecification\",\"valueRequired\":true,\"valueName\":\"search_term_string\"}}],\"inLanguage\":\"en-US\"},{\"@type\":\"Person\",\"@id\":\"https:\\\/\\\/twistislamophobia.org\\\/#\\\/schema\\\/person\\\/ad747f2d69cf56db855e7341a1478d0d\",\"name\":\"Fundaci\u00f3n de Cultura Isl\u00e1mica\",\"description\":\"La Fundaci\u00f3n de Cultura Isl\u00e1mica promueve el di\u00e1logo intercultural y la educaci\u00f3n para el desarrollo de forma independiente, cient\u00edfica y rigurosa, desde hace m\u00e1s de tres d\u00e9cadas.\",\"sameAs\":[\"http:\\\/\\\/www.funci.org\\\/\",\"Fundaciondeculturaislamica\"],\"url\":\"https:\\\/\\\/twistislamophobia.org\\\/en\\\/author\\\/funci\\\/\"}]}<\/script>\n<!-- \/ Yoast SEO plugin. -->","yoast_head_json":{"title":"Children condemn terrorism - Twist Islamophobia","robots":{"index":"index","follow":"follow","max-snippet":"max-snippet:-1","max-image-preview":"max-image-preview:large","max-video-preview":"max-video-preview:-1"},"canonical":"https:\/\/twistislamophobia.org\/en\/2015\/12\/10\/children-condemn-terrorism\/","og_locale":"en_US","og_type":"article","og_title":"Children condemn terrorism - Twist Islamophobia","og_description":"In recent years, it has become a default expectation that certain communities, and Muslims in particular, apologize for and formally distance themselves from matters that occur in other parts of the world &#8211; especially acts of terrorism. The consequence is that certain groups and individuals are constantly associated with terrible events they have nothing to do with. This mechanism \u2013 also known as \u201cguilt by association\u201d or the imposition of \u201ccollective guilt\u201d \u2013 has become normalized. Rather than bringing people together, it causes segregation. The idea was sparked to use a short educational film that reveals how children handle these kinds of accusations, prejudices and suspicions. What happens is that their self-esteem, self-image and self-confidence is damaged. You see, for example, how rapidly a young boy who wants to become a superhero can be talked into seeing himself as a villain. This is\u00a0what is happening at a macro level, where we have been talking certain communities into feelings of collective guilt for years.","og_url":"https:\/\/twistislamophobia.org\/en\/2015\/12\/10\/children-condemn-terrorism\/","og_site_name":"Twist Islamophobia","article_author":"Fundaciondeculturaislamica","article_published_time":"2015-12-10T09:13:42+00:00","article_modified_time":"2017-03-13T12:40:38+00:00","og_image":[{"width":659,"height":411,"url":"https:\/\/twistislamophobia.org\/wp-content\/uploads\/2015\/12\/video-los-ninos-condenan-el-terrorismo.png","type":"image\/png"}],"author":"Fundaci\u00f3n de Cultura Isl\u00e1mica","twitter_card":"summary_large_image","twitter_misc":{"Written by":"Fundaci\u00f3n de Cultura Isl\u00e1mica","Est. reading time":"1 minute"},"schema":{"@context":"https:\/\/schema.org","@graph":[{"@type":"Article","@id":"https:\/\/twistislamophobia.org\/en\/2015\/12\/10\/children-condemn-terrorism\/#article","isPartOf":{"@id":"https:\/\/twistislamophobia.org\/en\/2015\/12\/10\/children-condemn-terrorism\/"},"author":{"name":"Fundaci\u00f3n de Cultura Isl\u00e1mica","@id":"https:\/\/twistislamophobia.org\/#\/schema\/person\/ad747f2d69cf56db855e7341a1478d0d"},"headline":"Children condemn terrorism","datePublished":"2015-12-10T09:13:42+00:00","dateModified":"2017-03-13T12:40:38+00:00","mainEntityOfPage":{"@id":"https:\/\/twistislamophobia.org\/en\/2015\/12\/10\/children-condemn-terrorism\/"},"wordCount":165,"commentCount":0,"image":{"@id":"https:\/\/twistislamophobia.org\/en\/2015\/12\/10\/children-condemn-terrorism\/#primaryimage"},"thumbnailUrl":"https:\/\/twistislamophobia.org\/wp-content\/uploads\/2015\/12\/video-los-ninos-condenan-el-terrorismo.png","keywords":["children","videos"],"articleSection":["Multimedia"],"inLanguage":"en-US","potentialAction":[{"@type":"CommentAction","name":"Comment","target":["https:\/\/twistislamophobia.org\/en\/2015\/12\/10\/children-condemn-terrorism\/#respond"]}]},{"@type":"WebPage","@id":"https:\/\/twistislamophobia.org\/en\/2015\/12\/10\/children-condemn-terrorism\/","url":"https:\/\/twistislamophobia.org\/en\/2015\/12\/10\/children-condemn-terrorism\/","name":"Children condemn terrorism - Twist Islamophobia","isPartOf":{"@id":"https:\/\/twistislamophobia.org\/#website"},"primaryImageOfPage":{"@id":"https:\/\/twistislamophobia.org\/en\/2015\/12\/10\/children-condemn-terrorism\/#primaryimage"},"image":{"@id":"https:\/\/twistislamophobia.org\/en\/2015\/12\/10\/children-condemn-terrorism\/#primaryimage"},"thumbnailUrl":"https:\/\/twistislamophobia.org\/wp-content\/uploads\/2015\/12\/video-los-ninos-condenan-el-terrorismo.png","datePublished":"2015-12-10T09:13:42+00:00","dateModified":"2017-03-13T12:40:38+00:00","author":{"@id":"https:\/\/twistislamophobia.org\/#\/schema\/person\/ad747f2d69cf56db855e7341a1478d0d"},"breadcrumb":{"@id":"https:\/\/twistislamophobia.org\/en\/2015\/12\/10\/children-condemn-terrorism\/#breadcrumb"},"inLanguage":"en-US","potentialAction":[{"@type":"ReadAction","target":["https:\/\/twistislamophobia.org\/en\/2015\/12\/10\/children-condemn-terrorism\/"]}]},{"@type":"ImageObject","inLanguage":"en-US","@id":"https:\/\/twistislamophobia.org\/en\/2015\/12\/10\/children-condemn-terrorism\/#primaryimage","url":"https:\/\/twistislamophobia.org\/wp-content\/uploads\/2015\/12\/video-los-ninos-condenan-el-terrorismo.png","contentUrl":"https:\/\/twistislamophobia.org\/wp-content\/uploads\/2015\/12\/video-los-ninos-condenan-el-terrorismo.png","width":659,"height":411},{"@type":"BreadcrumbList","@id":"https:\/\/twistislamophobia.org\/en\/2015\/12\/10\/children-condemn-terrorism\/#breadcrumb","itemListElement":[{"@type":"ListItem","position":1,"name":"Portada","item":"https:\/\/twistislamophobia.org\/"},{"@type":"ListItem","position":2,"name":"Children condemn terrorism"}]},{"@type":"WebSite","@id":"https:\/\/twistislamophobia.org\/#website","url":"https:\/\/twistislamophobia.org\/","name":"Twist Islamophobia","description":"porque las diferencias suman","potentialAction":[{"@type":"SearchAction","target":{"@type":"EntryPoint","urlTemplate":"https:\/\/twistislamophobia.org\/?s={search_term_string}"},"query-input":{"@type":"PropertyValueSpecification","valueRequired":true,"valueName":"search_term_string"}}],"inLanguage":"en-US"},{"@type":"Person","@id":"https:\/\/twistislamophobia.org\/#\/schema\/person\/ad747f2d69cf56db855e7341a1478d0d","name":"Fundaci\u00f3n de Cultura Isl\u00e1mica","description":"La Fundaci\u00f3n de Cultura Isl\u00e1mica promueve el di\u00e1logo intercultural y la educaci\u00f3n para el desarrollo de forma independiente, cient\u00edfica y rigurosa, desde hace m\u00e1s de tres d\u00e9cadas.","sameAs":["http:\/\/www.funci.org\/","Fundaciondeculturaislamica"],"url":"https:\/\/twistislamophobia.org\/en\/author\/funci\/"}]}},"_links":{"self":[{"href":"https:\/\/twistislamophobia.org\/en\/wp-json\/wp\/v2\/posts\/670","targetHints":{"allow":["GET"]}}],"collection":[{"href":"https:\/\/twistislamophobia.org\/en\/wp-json\/wp\/v2\/posts"}],"about":[{"href":"https:\/\/twistislamophobia.org\/en\/wp-json\/wp\/v2\/types\/post"}],"author":[{"embeddable":true,"href":"https:\/\/twistislamophobia.org\/en\/wp-json\/wp\/v2\/users\/2"}],"replies":[{"embeddable":true,"href":"https:\/\/twistislamophobia.org\/en\/wp-json\/wp\/v2\/comments?post=670"}],"version-history":[{"count":4,"href":"https:\/\/twistislamophobia.org\/en\/wp-json\/wp\/v2\/posts\/670\/revisions"}],"predecessor-version":[{"id":928,"href":"https:\/\/twistislamophobia.org\/en\/wp-json\/wp\/v2\/posts\/670\/revisions\/928"}],"wp:featuredmedia":[{"embeddable":true,"href":"https:\/\/twistislamophobia.org\/en\/wp-json\/wp\/v2\/media\/668"}],"wp:attachment":[{"href":"https:\/\/twistislamophobia.org\/en\/wp-json\/wp\/v2\/media?parent=670"}],"wp:term":[{"taxonomy":"category","embeddable":true,"href":"https:\/\/twistislamophobia.org\/en\/wp-json\/wp\/v2\/categories?post=670"},{"taxonomy":"post_tag","embeddable":true,"href":"https:\/\/twistislamophobia.org\/en\/wp-json\/wp\/v2\/tags?post=670"}],"curies":[{"name":"wp","href":"https:\/\/api.w.org\/{rel}","templated":true}]}}