{"id":6421,"date":"2020-01-28T13:20:44","date_gmt":"2020-01-28T11:20:44","guid":{"rendered":"http:\/\/twistislamophobia.org\/en\/?p=6421"},"modified":"2020-02-10T14:57:16","modified_gmt":"2020-02-10T12:57:16","slug":"lesbos-migrant-camp-childrens-mental-health","status":"publish","type":"post","link":"https:\/\/twistislamophobia.org\/en\/2020\/01\/28\/lesbos-migrant-camp-childrens-mental-health\/","title":{"rendered":"Lesbos migrant camp children&#8217;s mental health"},"content":{"rendered":"<p><strong><a href=\"https:\/\/www.bbc.com\">BBC<\/a> publishes this heartbreaking short documentary on the mental health of children living in refugee camps.<\/strong><\/p>\n<p>An increasing number of children are self-harming and attempting suicide in the Greek migrant camp on Lesbos, according to psychologists working there.<\/p>\n<p>Almost 18,000 people are currently living in the camp which was built for just 2,000.<\/p>\n<p>There has been a spike in refugees arriving on the Aegean islands in recent months, many of them are families who are fleeing war.<\/p>\n<p><i>Produced by Global Health Correspondent, Tulip Mazumdar; Senior Producer, Gabriella O&#8217;Donnell; and Video Journalist, Helene Daouphars<\/i><\/p>\n<p><iframe loading=\"lazy\" src=\"https:\/\/www.bbc.com\/news\/av\/embed\/p07y3x0x\/50814521\" width=\"400\" height=\"500\" frameborder=\"0\"><\/iframe><\/p>\n","protected":false},"excerpt":{"rendered":"<p>BBC publishes this heartbreaking short documentary on the mental health of children living in refugee camps. An increasing number of children are self-harming and attempting suicide in the Greek migrant camp on Lesbos, according to psychologists working there. Almost 18,000 people are currently living in the camp which was built for just 2,000. There has been a spike in refugees arriving on the Aegean islands in recent months, many of them are families who are fleeing war. Produced by Global Health Correspondent, Tulip Mazumdar; Senior Producer, Gabriella O&#8217;Donnell; and Video Journalist, Helene Daouphars<\/p>\n","protected":false},"author":2,"featured_media":6424,"comment_status":"open","ping_status":"closed","sticky":false,"template":"","format":"standard","meta":{"footnotes":""},"categories":[114],"tags":[283,378,204],"class_list":["post-6421","post","type-post","status-publish","format-standard","has-post-thumbnail","hentry","category-multimedia-en","tag-human-rights","tag-multimedia","tag-refugees"],"yoast_head":"<!-- This site is optimized with the Yoast SEO plugin v27.4 - https:\/\/yoast.com\/product\/yoast-seo-wordpress\/ -->\n<title>Lesbos migrant camp children&#039;s mental health - Twist Islamophobia<\/title>\n<meta name=\"robots\" content=\"index, follow, max-snippet:-1, max-image-preview:large, max-video-preview:-1\" \/>\n<link rel=\"canonical\" href=\"https:\/\/twistislamophobia.org\/en\/2020\/01\/28\/lesbos-migrant-camp-childrens-mental-health\/\" \/>\n<meta property=\"og:locale\" content=\"en_US\" \/>\n<meta property=\"og:type\" content=\"article\" \/>\n<meta property=\"og:title\" content=\"Lesbos migrant camp children&#039;s mental health - Twist Islamophobia\" \/>\n<meta property=\"og:description\" content=\"BBC publishes this heartbreaking short documentary on the mental health of children living in refugee camps. An increasing number of children are self-harming and attempting suicide in the Greek migrant camp on Lesbos, according to psychologists working there. Almost 18,000 people are currently living in the camp which was built for just 2,000. There has been a spike in refugees arriving on the Aegean islands in recent months, many of them are families who are fleeing war. Produced by Global Health Correspondent, Tulip Mazumdar; Senior Producer, Gabriella O&#8217;Donnell; and Video Journalist, Helene Daouphars\" \/>\n<meta property=\"og:url\" content=\"https:\/\/twistislamophobia.org\/en\/2020\/01\/28\/lesbos-migrant-camp-childrens-mental-health\/\" \/>\n<meta property=\"og:site_name\" content=\"Twist Islamophobia\" \/>\n<meta property=\"article:author\" content=\"Fundaciondeculturaislamica\" \/>\n<meta property=\"article:published_time\" content=\"2020-01-28T11:20:44+00:00\" \/>\n<meta property=\"article:modified_time\" content=\"2020-02-10T12:57:16+00:00\" \/>\n<meta property=\"og:image\" content=\"https:\/\/twistislamophobia.org\/wp-content\/uploads\/2020\/01\/Refugee-Children.jpg\" \/>\n\t<meta property=\"og:image:width\" content=\"799\" \/>\n\t<meta property=\"og:image:height\" content=\"533\" \/>\n\t<meta property=\"og:image:type\" content=\"image\/jpeg\" \/>\n<meta name=\"author\" content=\"Fundaci\u00f3n de Cultura Isl\u00e1mica\" \/>\n<meta name=\"twitter:card\" content=\"summary_large_image\" \/>\n<meta name=\"twitter:label1\" content=\"Written by\" \/>\n\t<meta name=\"twitter:data1\" content=\"Fundaci\u00f3n de Cultura Isl\u00e1mica\" \/>\n<script type=\"application\/ld+json\" class=\"yoast-schema-graph\">{\"@context\":\"https:\\\/\\\/schema.org\",\"@graph\":[{\"@type\":\"Article\",\"@id\":\"https:\\\/\\\/twistislamophobia.org\\\/en\\\/2020\\\/01\\\/28\\\/lesbos-migrant-camp-childrens-mental-health\\\/#article\",\"isPartOf\":{\"@id\":\"https:\\\/\\\/twistislamophobia.org\\\/en\\\/2020\\\/01\\\/28\\\/lesbos-migrant-camp-childrens-mental-health\\\/\"},\"author\":{\"name\":\"Fundaci\u00f3n de Cultura Isl\u00e1mica\",\"@id\":\"https:\\\/\\\/twistislamophobia.org\\\/#\\\/schema\\\/person\\\/ad747f2d69cf56db855e7341a1478d0d\"},\"headline\":\"Lesbos migrant camp children&#8217;s mental health\",\"datePublished\":\"2020-01-28T11:20:44+00:00\",\"dateModified\":\"2020-02-10T12:57:16+00:00\",\"mainEntityOfPage\":{\"@id\":\"https:\\\/\\\/twistislamophobia.org\\\/en\\\/2020\\\/01\\\/28\\\/lesbos-migrant-camp-childrens-mental-health\\\/\"},\"wordCount\":97,\"commentCount\":0,\"image\":{\"@id\":\"https:\\\/\\\/twistislamophobia.org\\\/en\\\/2020\\\/01\\\/28\\\/lesbos-migrant-camp-childrens-mental-health\\\/#primaryimage\"},\"thumbnailUrl\":\"https:\\\/\\\/twistislamophobia.org\\\/wp-content\\\/uploads\\\/2020\\\/01\\\/Refugee-Children.jpg\",\"keywords\":[\"Human Rights\",\"Multimedia\",\"Refugees\"],\"articleSection\":[\"Multimedia\"],\"inLanguage\":\"en-US\",\"potentialAction\":[{\"@type\":\"CommentAction\",\"name\":\"Comment\",\"target\":[\"https:\\\/\\\/twistislamophobia.org\\\/en\\\/2020\\\/01\\\/28\\\/lesbos-migrant-camp-childrens-mental-health\\\/#respond\"]}]},{\"@type\":\"WebPage\",\"@id\":\"https:\\\/\\\/twistislamophobia.org\\\/en\\\/2020\\\/01\\\/28\\\/lesbos-migrant-camp-childrens-mental-health\\\/\",\"url\":\"https:\\\/\\\/twistislamophobia.org\\\/en\\\/2020\\\/01\\\/28\\\/lesbos-migrant-camp-childrens-mental-health\\\/\",\"name\":\"Lesbos migrant camp children's mental health - Twist Islamophobia\",\"isPartOf\":{\"@id\":\"https:\\\/\\\/twistislamophobia.org\\\/#website\"},\"primaryImageOfPage\":{\"@id\":\"https:\\\/\\\/twistislamophobia.org\\\/en\\\/2020\\\/01\\\/28\\\/lesbos-migrant-camp-childrens-mental-health\\\/#primaryimage\"},\"image\":{\"@id\":\"https:\\\/\\\/twistislamophobia.org\\\/en\\\/2020\\\/01\\\/28\\\/lesbos-migrant-camp-childrens-mental-health\\\/#primaryimage\"},\"thumbnailUrl\":\"https:\\\/\\\/twistislamophobia.org\\\/wp-content\\\/uploads\\\/2020\\\/01\\\/Refugee-Children.jpg\",\"datePublished\":\"2020-01-28T11:20:44+00:00\",\"dateModified\":\"2020-02-10T12:57:16+00:00\",\"author\":{\"@id\":\"https:\\\/\\\/twistislamophobia.org\\\/#\\\/schema\\\/person\\\/ad747f2d69cf56db855e7341a1478d0d\"},\"breadcrumb\":{\"@id\":\"https:\\\/\\\/twistislamophobia.org\\\/en\\\/2020\\\/01\\\/28\\\/lesbos-migrant-camp-childrens-mental-health\\\/#breadcrumb\"},\"inLanguage\":\"en-US\",\"potentialAction\":[{\"@type\":\"ReadAction\",\"target\":[\"https:\\\/\\\/twistislamophobia.org\\\/en\\\/2020\\\/01\\\/28\\\/lesbos-migrant-camp-childrens-mental-health\\\/\"]}]},{\"@type\":\"ImageObject\",\"inLanguage\":\"en-US\",\"@id\":\"https:\\\/\\\/twistislamophobia.org\\\/en\\\/2020\\\/01\\\/28\\\/lesbos-migrant-camp-childrens-mental-health\\\/#primaryimage\",\"url\":\"https:\\\/\\\/twistislamophobia.org\\\/wp-content\\\/uploads\\\/2020\\\/01\\\/Refugee-Children.jpg\",\"contentUrl\":\"https:\\\/\\\/twistislamophobia.org\\\/wp-content\\\/uploads\\\/2020\\\/01\\\/Refugee-Children.jpg\",\"width\":799,\"height\":533,\"caption\":\"Photo: Steve Evans\"},{\"@type\":\"BreadcrumbList\",\"@id\":\"https:\\\/\\\/twistislamophobia.org\\\/en\\\/2020\\\/01\\\/28\\\/lesbos-migrant-camp-childrens-mental-health\\\/#breadcrumb\",\"itemListElement\":[{\"@type\":\"ListItem\",\"position\":1,\"name\":\"Portada\",\"item\":\"https:\\\/\\\/twistislamophobia.org\\\/\"},{\"@type\":\"ListItem\",\"position\":2,\"name\":\"Lesbos migrant camp children&#8217;s mental health\"}]},{\"@type\":\"WebSite\",\"@id\":\"https:\\\/\\\/twistislamophobia.org\\\/#website\",\"url\":\"https:\\\/\\\/twistislamophobia.org\\\/\",\"name\":\"Twist Islamophobia\",\"description\":\"porque las diferencias suman\",\"potentialAction\":[{\"@type\":\"SearchAction\",\"target\":{\"@type\":\"EntryPoint\",\"urlTemplate\":\"https:\\\/\\\/twistislamophobia.org\\\/?s={search_term_string}\"},\"query-input\":{\"@type\":\"PropertyValueSpecification\",\"valueRequired\":true,\"valueName\":\"search_term_string\"}}],\"inLanguage\":\"en-US\"},{\"@type\":\"Person\",\"@id\":\"https:\\\/\\\/twistislamophobia.org\\\/#\\\/schema\\\/person\\\/ad747f2d69cf56db855e7341a1478d0d\",\"name\":\"Fundaci\u00f3n de Cultura Isl\u00e1mica\",\"description\":\"La Fundaci\u00f3n de Cultura Isl\u00e1mica promueve el di\u00e1logo intercultural y la educaci\u00f3n para el desarrollo de forma independiente, cient\u00edfica y rigurosa, desde hace m\u00e1s de tres d\u00e9cadas.\",\"sameAs\":[\"http:\\\/\\\/www.funci.org\\\/\",\"Fundaciondeculturaislamica\"],\"url\":\"https:\\\/\\\/twistislamophobia.org\\\/en\\\/author\\\/funci\\\/\"}]}<\/script>\n<!-- \/ Yoast SEO plugin. -->","yoast_head_json":{"title":"Lesbos migrant camp children's mental health - Twist Islamophobia","robots":{"index":"index","follow":"follow","max-snippet":"max-snippet:-1","max-image-preview":"max-image-preview:large","max-video-preview":"max-video-preview:-1"},"canonical":"https:\/\/twistislamophobia.org\/en\/2020\/01\/28\/lesbos-migrant-camp-childrens-mental-health\/","og_locale":"en_US","og_type":"article","og_title":"Lesbos migrant camp children's mental health - Twist Islamophobia","og_description":"BBC publishes this heartbreaking short documentary on the mental health of children living in refugee camps. An increasing number of children are self-harming and attempting suicide in the Greek migrant camp on Lesbos, according to psychologists working there. Almost 18,000 people are currently living in the camp which was built for just 2,000. There has been a spike in refugees arriving on the Aegean islands in recent months, many of them are families who are fleeing war. Produced by Global Health Correspondent, Tulip Mazumdar; Senior Producer, Gabriella O&#8217;Donnell; and Video Journalist, Helene Daouphars","og_url":"https:\/\/twistislamophobia.org\/en\/2020\/01\/28\/lesbos-migrant-camp-childrens-mental-health\/","og_site_name":"Twist Islamophobia","article_author":"Fundaciondeculturaislamica","article_published_time":"2020-01-28T11:20:44+00:00","article_modified_time":"2020-02-10T12:57:16+00:00","og_image":[{"width":799,"height":533,"url":"https:\/\/twistislamophobia.org\/wp-content\/uploads\/2020\/01\/Refugee-Children.jpg","type":"image\/jpeg"}],"author":"Fundaci\u00f3n de Cultura Isl\u00e1mica","twitter_card":"summary_large_image","twitter_misc":{"Written by":"Fundaci\u00f3n de Cultura Isl\u00e1mica"},"schema":{"@context":"https:\/\/schema.org","@graph":[{"@type":"Article","@id":"https:\/\/twistislamophobia.org\/en\/2020\/01\/28\/lesbos-migrant-camp-childrens-mental-health\/#article","isPartOf":{"@id":"https:\/\/twistislamophobia.org\/en\/2020\/01\/28\/lesbos-migrant-camp-childrens-mental-health\/"},"author":{"name":"Fundaci\u00f3n de Cultura Isl\u00e1mica","@id":"https:\/\/twistislamophobia.org\/#\/schema\/person\/ad747f2d69cf56db855e7341a1478d0d"},"headline":"Lesbos migrant camp children&#8217;s mental health","datePublished":"2020-01-28T11:20:44+00:00","dateModified":"2020-02-10T12:57:16+00:00","mainEntityOfPage":{"@id":"https:\/\/twistislamophobia.org\/en\/2020\/01\/28\/lesbos-migrant-camp-childrens-mental-health\/"},"wordCount":97,"commentCount":0,"image":{"@id":"https:\/\/twistislamophobia.org\/en\/2020\/01\/28\/lesbos-migrant-camp-childrens-mental-health\/#primaryimage"},"thumbnailUrl":"https:\/\/twistislamophobia.org\/wp-content\/uploads\/2020\/01\/Refugee-Children.jpg","keywords":["Human Rights","Multimedia","Refugees"],"articleSection":["Multimedia"],"inLanguage":"en-US","potentialAction":[{"@type":"CommentAction","name":"Comment","target":["https:\/\/twistislamophobia.org\/en\/2020\/01\/28\/lesbos-migrant-camp-childrens-mental-health\/#respond"]}]},{"@type":"WebPage","@id":"https:\/\/twistislamophobia.org\/en\/2020\/01\/28\/lesbos-migrant-camp-childrens-mental-health\/","url":"https:\/\/twistislamophobia.org\/en\/2020\/01\/28\/lesbos-migrant-camp-childrens-mental-health\/","name":"Lesbos migrant camp children's mental health - Twist Islamophobia","isPartOf":{"@id":"https:\/\/twistislamophobia.org\/#website"},"primaryImageOfPage":{"@id":"https:\/\/twistislamophobia.org\/en\/2020\/01\/28\/lesbos-migrant-camp-childrens-mental-health\/#primaryimage"},"image":{"@id":"https:\/\/twistislamophobia.org\/en\/2020\/01\/28\/lesbos-migrant-camp-childrens-mental-health\/#primaryimage"},"thumbnailUrl":"https:\/\/twistislamophobia.org\/wp-content\/uploads\/2020\/01\/Refugee-Children.jpg","datePublished":"2020-01-28T11:20:44+00:00","dateModified":"2020-02-10T12:57:16+00:00","author":{"@id":"https:\/\/twistislamophobia.org\/#\/schema\/person\/ad747f2d69cf56db855e7341a1478d0d"},"breadcrumb":{"@id":"https:\/\/twistislamophobia.org\/en\/2020\/01\/28\/lesbos-migrant-camp-childrens-mental-health\/#breadcrumb"},"inLanguage":"en-US","potentialAction":[{"@type":"ReadAction","target":["https:\/\/twistislamophobia.org\/en\/2020\/01\/28\/lesbos-migrant-camp-childrens-mental-health\/"]}]},{"@type":"ImageObject","inLanguage":"en-US","@id":"https:\/\/twistislamophobia.org\/en\/2020\/01\/28\/lesbos-migrant-camp-childrens-mental-health\/#primaryimage","url":"https:\/\/twistislamophobia.org\/wp-content\/uploads\/2020\/01\/Refugee-Children.jpg","contentUrl":"https:\/\/twistislamophobia.org\/wp-content\/uploads\/2020\/01\/Refugee-Children.jpg","width":799,"height":533,"caption":"Photo: Steve Evans"},{"@type":"BreadcrumbList","@id":"https:\/\/twistislamophobia.org\/en\/2020\/01\/28\/lesbos-migrant-camp-childrens-mental-health\/#breadcrumb","itemListElement":[{"@type":"ListItem","position":1,"name":"Portada","item":"https:\/\/twistislamophobia.org\/"},{"@type":"ListItem","position":2,"name":"Lesbos migrant camp children&#8217;s mental health"}]},{"@type":"WebSite","@id":"https:\/\/twistislamophobia.org\/#website","url":"https:\/\/twistislamophobia.org\/","name":"Twist Islamophobia","description":"porque las diferencias suman","potentialAction":[{"@type":"SearchAction","target":{"@type":"EntryPoint","urlTemplate":"https:\/\/twistislamophobia.org\/?s={search_term_string}"},"query-input":{"@type":"PropertyValueSpecification","valueRequired":true,"valueName":"search_term_string"}}],"inLanguage":"en-US"},{"@type":"Person","@id":"https:\/\/twistislamophobia.org\/#\/schema\/person\/ad747f2d69cf56db855e7341a1478d0d","name":"Fundaci\u00f3n de Cultura Isl\u00e1mica","description":"La Fundaci\u00f3n de Cultura Isl\u00e1mica promueve el di\u00e1logo intercultural y la educaci\u00f3n para el desarrollo de forma independiente, cient\u00edfica y rigurosa, desde hace m\u00e1s de tres d\u00e9cadas.","sameAs":["http:\/\/www.funci.org\/","Fundaciondeculturaislamica"],"url":"https:\/\/twistislamophobia.org\/en\/author\/funci\/"}]}},"_links":{"self":[{"href":"https:\/\/twistislamophobia.org\/en\/wp-json\/wp\/v2\/posts\/6421","targetHints":{"allow":["GET"]}}],"collection":[{"href":"https:\/\/twistislamophobia.org\/en\/wp-json\/wp\/v2\/posts"}],"about":[{"href":"https:\/\/twistislamophobia.org\/en\/wp-json\/wp\/v2\/types\/post"}],"author":[{"embeddable":true,"href":"https:\/\/twistislamophobia.org\/en\/wp-json\/wp\/v2\/users\/2"}],"replies":[{"embeddable":true,"href":"https:\/\/twistislamophobia.org\/en\/wp-json\/wp\/v2\/comments?post=6421"}],"version-history":[{"count":3,"href":"https:\/\/twistislamophobia.org\/en\/wp-json\/wp\/v2\/posts\/6421\/revisions"}],"predecessor-version":[{"id":6426,"href":"https:\/\/twistislamophobia.org\/en\/wp-json\/wp\/v2\/posts\/6421\/revisions\/6426"}],"wp:featuredmedia":[{"embeddable":true,"href":"https:\/\/twistislamophobia.org\/en\/wp-json\/wp\/v2\/media\/6424"}],"wp:attachment":[{"href":"https:\/\/twistislamophobia.org\/en\/wp-json\/wp\/v2\/media?parent=6421"}],"wp:term":[{"taxonomy":"category","embeddable":true,"href":"https:\/\/twistislamophobia.org\/en\/wp-json\/wp\/v2\/categories?post=6421"},{"taxonomy":"post_tag","embeddable":true,"href":"https:\/\/twistislamophobia.org\/en\/wp-json\/wp\/v2\/tags?post=6421"}],"curies":[{"name":"wp","href":"https:\/\/api.w.org\/{rel}","templated":true}]}}