{"id":5581,"date":"2018-12-10T11:57:30","date_gmt":"2018-12-10T09:57:30","guid":{"rendered":"http:\/\/twistislamophobia.org\/en\/?p=5581"},"modified":"2018-12-17T12:56:14","modified_gmt":"2018-12-17T10:56:14","slug":"why-are-we-blind-to-africa","status":"publish","type":"post","link":"https:\/\/twistislamophobia.org\/en\/2018\/12\/10\/why-are-we-blind-to-africa\/","title":{"rendered":"Why are we blind to Africa?"},"content":{"rendered":"<p class=\"p1\"><strong><span class=\"s1\">In this video, <a href=\"https:\/\/www.facebook.com\/groups\/nasdailyglobal\/\"><span class=\"s2\">Nas Daily Global<\/span><\/a> opposes the different images we have of Africa with the reality they have experienced while traveling there, and asks itself how is it possible that we know so few about this continent.<\/span><\/strong><\/p>\n<p class=\"p1\"><span class=\"s1\">In contrast with the images usually portrayed of Africa, which highlight its poverty and social problems, the video takes as an example the case of Ethiopia, which is currently implementing a strong and successful democratization process, in pursue of social pacification and women\u2019s equality. This contrast is yet another example of the West\u2019s use of images to impose its superiority to the rest of regions, still dependent and in need to be civilized.<\/span><\/p>\n","protected":false},"excerpt":{"rendered":"<p>In this video, Nas Daily Global opposes the different images we have of Africa with the reality they have experienced while traveling there, and asks itself how is it possible that we know so few about this continent. In contrast with the images usually portrayed of Africa, which highlight its poverty and social problems, the video takes as an example the case of Ethiopia, which is currently implementing a strong and successful democratization process, in pursue of social pacification and women\u2019s equality. This contrast is yet another example of the West\u2019s use of images to impose its superiority to the rest of regions, still dependent and in need to be civilized.<\/p>\n","protected":false},"author":2,"featured_media":5577,"comment_status":"open","ping_status":"closed","sticky":false,"template":"","format":"standard","meta":{"footnotes":""},"categories":[114],"tags":[224,170],"class_list":["post-5581","post","type-post","status-publish","format-standard","has-post-thumbnail","hentry","category-multimedia-en","tag-media","tag-videos-en"],"yoast_head":"<!-- This site is optimized with the Yoast SEO plugin v27.4 - https:\/\/yoast.com\/product\/yoast-seo-wordpress\/ -->\n<title>Why are we blind to Africa? - Twist Islamophobia<\/title>\n<meta name=\"robots\" content=\"index, follow, max-snippet:-1, max-image-preview:large, max-video-preview:-1\" \/>\n<link rel=\"canonical\" href=\"https:\/\/twistislamophobia.org\/en\/2018\/12\/10\/why-are-we-blind-to-africa\/\" \/>\n<meta property=\"og:locale\" content=\"en_US\" \/>\n<meta property=\"og:type\" content=\"article\" \/>\n<meta property=\"og:title\" content=\"Why are we blind to Africa? - Twist Islamophobia\" \/>\n<meta property=\"og:description\" content=\"In this video, Nas Daily Global opposes the different images we have of Africa with the reality they have experienced while traveling there, and asks itself how is it possible that we know so few about this continent. In contrast with the images usually portrayed of Africa, which highlight its poverty and social problems, the video takes as an example the case of Ethiopia, which is currently implementing a strong and successful democratization process, in pursue of social pacification and women\u2019s equality. This contrast is yet another example of the West\u2019s use of images to impose its superiority to the rest of regions, still dependent and in need to be civilized.\" \/>\n<meta property=\"og:url\" content=\"https:\/\/twistislamophobia.org\/en\/2018\/12\/10\/why-are-we-blind-to-africa\/\" \/>\n<meta property=\"og:site_name\" content=\"Twist Islamophobia\" \/>\n<meta property=\"article:author\" content=\"Fundaciondeculturaislamica\" \/>\n<meta property=\"article:published_time\" content=\"2018-12-10T09:57:30+00:00\" \/>\n<meta property=\"article:modified_time\" content=\"2018-12-17T10:56:14+00:00\" \/>\n<meta property=\"og:image\" content=\"https:\/\/twistislamophobia.org\/wp-content\/uploads\/2018\/12\/Africa.jpg\" \/>\n\t<meta property=\"og:image:width\" content=\"900\" \/>\n\t<meta property=\"og:image:height\" content=\"675\" \/>\n\t<meta property=\"og:image:type\" content=\"image\/jpeg\" \/>\n<meta name=\"author\" content=\"Fundaci\u00f3n de Cultura Isl\u00e1mica\" \/>\n<meta name=\"twitter:card\" content=\"summary_large_image\" \/>\n<meta name=\"twitter:label1\" content=\"Written by\" \/>\n\t<meta name=\"twitter:data1\" content=\"Fundaci\u00f3n de Cultura Isl\u00e1mica\" \/>\n\t<meta name=\"twitter:label2\" content=\"Est. reading time\" \/>\n\t<meta name=\"twitter:data2\" content=\"1 minute\" \/>\n<script type=\"application\/ld+json\" class=\"yoast-schema-graph\">{\"@context\":\"https:\\\/\\\/schema.org\",\"@graph\":[{\"@type\":\"Article\",\"@id\":\"https:\\\/\\\/twistislamophobia.org\\\/en\\\/2018\\\/12\\\/10\\\/why-are-we-blind-to-africa\\\/#article\",\"isPartOf\":{\"@id\":\"https:\\\/\\\/twistislamophobia.org\\\/en\\\/2018\\\/12\\\/10\\\/why-are-we-blind-to-africa\\\/\"},\"author\":{\"name\":\"Fundaci\u00f3n de Cultura Isl\u00e1mica\",\"@id\":\"https:\\\/\\\/twistislamophobia.org\\\/#\\\/schema\\\/person\\\/ad747f2d69cf56db855e7341a1478d0d\"},\"headline\":\"Why are we blind to Africa?\",\"datePublished\":\"2018-12-10T09:57:30+00:00\",\"dateModified\":\"2018-12-17T10:56:14+00:00\",\"mainEntityOfPage\":{\"@id\":\"https:\\\/\\\/twistislamophobia.org\\\/en\\\/2018\\\/12\\\/10\\\/why-are-we-blind-to-africa\\\/\"},\"wordCount\":119,\"commentCount\":0,\"image\":{\"@id\":\"https:\\\/\\\/twistislamophobia.org\\\/en\\\/2018\\\/12\\\/10\\\/why-are-we-blind-to-africa\\\/#primaryimage\"},\"thumbnailUrl\":\"https:\\\/\\\/twistislamophobia.org\\\/wp-content\\\/uploads\\\/2018\\\/12\\\/Africa.jpg\",\"keywords\":[\"media\",\"videos\"],\"articleSection\":[\"Multimedia\"],\"inLanguage\":\"en-US\",\"potentialAction\":[{\"@type\":\"CommentAction\",\"name\":\"Comment\",\"target\":[\"https:\\\/\\\/twistislamophobia.org\\\/en\\\/2018\\\/12\\\/10\\\/why-are-we-blind-to-africa\\\/#respond\"]}]},{\"@type\":\"WebPage\",\"@id\":\"https:\\\/\\\/twistislamophobia.org\\\/en\\\/2018\\\/12\\\/10\\\/why-are-we-blind-to-africa\\\/\",\"url\":\"https:\\\/\\\/twistislamophobia.org\\\/en\\\/2018\\\/12\\\/10\\\/why-are-we-blind-to-africa\\\/\",\"name\":\"Why are we blind to Africa? - Twist Islamophobia\",\"isPartOf\":{\"@id\":\"https:\\\/\\\/twistislamophobia.org\\\/#website\"},\"primaryImageOfPage\":{\"@id\":\"https:\\\/\\\/twistislamophobia.org\\\/en\\\/2018\\\/12\\\/10\\\/why-are-we-blind-to-africa\\\/#primaryimage\"},\"image\":{\"@id\":\"https:\\\/\\\/twistislamophobia.org\\\/en\\\/2018\\\/12\\\/10\\\/why-are-we-blind-to-africa\\\/#primaryimage\"},\"thumbnailUrl\":\"https:\\\/\\\/twistislamophobia.org\\\/wp-content\\\/uploads\\\/2018\\\/12\\\/Africa.jpg\",\"datePublished\":\"2018-12-10T09:57:30+00:00\",\"dateModified\":\"2018-12-17T10:56:14+00:00\",\"author\":{\"@id\":\"https:\\\/\\\/twistislamophobia.org\\\/#\\\/schema\\\/person\\\/ad747f2d69cf56db855e7341a1478d0d\"},\"breadcrumb\":{\"@id\":\"https:\\\/\\\/twistislamophobia.org\\\/en\\\/2018\\\/12\\\/10\\\/why-are-we-blind-to-africa\\\/#breadcrumb\"},\"inLanguage\":\"en-US\",\"potentialAction\":[{\"@type\":\"ReadAction\",\"target\":[\"https:\\\/\\\/twistislamophobia.org\\\/en\\\/2018\\\/12\\\/10\\\/why-are-we-blind-to-africa\\\/\"]}]},{\"@type\":\"ImageObject\",\"inLanguage\":\"en-US\",\"@id\":\"https:\\\/\\\/twistislamophobia.org\\\/en\\\/2018\\\/12\\\/10\\\/why-are-we-blind-to-africa\\\/#primaryimage\",\"url\":\"https:\\\/\\\/twistislamophobia.org\\\/wp-content\\\/uploads\\\/2018\\\/12\\\/Africa.jpg\",\"contentUrl\":\"https:\\\/\\\/twistislamophobia.org\\\/wp-content\\\/uploads\\\/2018\\\/12\\\/Africa.jpg\",\"width\":900,\"height\":675},{\"@type\":\"BreadcrumbList\",\"@id\":\"https:\\\/\\\/twistislamophobia.org\\\/en\\\/2018\\\/12\\\/10\\\/why-are-we-blind-to-africa\\\/#breadcrumb\",\"itemListElement\":[{\"@type\":\"ListItem\",\"position\":1,\"name\":\"Portada\",\"item\":\"https:\\\/\\\/twistislamophobia.org\\\/\"},{\"@type\":\"ListItem\",\"position\":2,\"name\":\"Why are we blind to Africa?\"}]},{\"@type\":\"WebSite\",\"@id\":\"https:\\\/\\\/twistislamophobia.org\\\/#website\",\"url\":\"https:\\\/\\\/twistislamophobia.org\\\/\",\"name\":\"Twist Islamophobia\",\"description\":\"porque las diferencias suman\",\"potentialAction\":[{\"@type\":\"SearchAction\",\"target\":{\"@type\":\"EntryPoint\",\"urlTemplate\":\"https:\\\/\\\/twistislamophobia.org\\\/?s={search_term_string}\"},\"query-input\":{\"@type\":\"PropertyValueSpecification\",\"valueRequired\":true,\"valueName\":\"search_term_string\"}}],\"inLanguage\":\"en-US\"},{\"@type\":\"Person\",\"@id\":\"https:\\\/\\\/twistislamophobia.org\\\/#\\\/schema\\\/person\\\/ad747f2d69cf56db855e7341a1478d0d\",\"name\":\"Fundaci\u00f3n de Cultura Isl\u00e1mica\",\"description\":\"La Fundaci\u00f3n de Cultura Isl\u00e1mica promueve el di\u00e1logo intercultural y la educaci\u00f3n para el desarrollo de forma independiente, cient\u00edfica y rigurosa, desde hace m\u00e1s de tres d\u00e9cadas.\",\"sameAs\":[\"http:\\\/\\\/www.funci.org\\\/\",\"Fundaciondeculturaislamica\"],\"url\":\"https:\\\/\\\/twistislamophobia.org\\\/en\\\/author\\\/funci\\\/\"}]}<\/script>\n<!-- \/ Yoast SEO plugin. -->","yoast_head_json":{"title":"Why are we blind to Africa? - Twist Islamophobia","robots":{"index":"index","follow":"follow","max-snippet":"max-snippet:-1","max-image-preview":"max-image-preview:large","max-video-preview":"max-video-preview:-1"},"canonical":"https:\/\/twistislamophobia.org\/en\/2018\/12\/10\/why-are-we-blind-to-africa\/","og_locale":"en_US","og_type":"article","og_title":"Why are we blind to Africa? - Twist Islamophobia","og_description":"In this video, Nas Daily Global opposes the different images we have of Africa with the reality they have experienced while traveling there, and asks itself how is it possible that we know so few about this continent. In contrast with the images usually portrayed of Africa, which highlight its poverty and social problems, the video takes as an example the case of Ethiopia, which is currently implementing a strong and successful democratization process, in pursue of social pacification and women\u2019s equality. This contrast is yet another example of the West\u2019s use of images to impose its superiority to the rest of regions, still dependent and in need to be civilized.","og_url":"https:\/\/twistislamophobia.org\/en\/2018\/12\/10\/why-are-we-blind-to-africa\/","og_site_name":"Twist Islamophobia","article_author":"Fundaciondeculturaislamica","article_published_time":"2018-12-10T09:57:30+00:00","article_modified_time":"2018-12-17T10:56:14+00:00","og_image":[{"width":900,"height":675,"url":"https:\/\/twistislamophobia.org\/wp-content\/uploads\/2018\/12\/Africa.jpg","type":"image\/jpeg"}],"author":"Fundaci\u00f3n de Cultura Isl\u00e1mica","twitter_card":"summary_large_image","twitter_misc":{"Written by":"Fundaci\u00f3n de Cultura Isl\u00e1mica","Est. reading time":"1 minute"},"schema":{"@context":"https:\/\/schema.org","@graph":[{"@type":"Article","@id":"https:\/\/twistislamophobia.org\/en\/2018\/12\/10\/why-are-we-blind-to-africa\/#article","isPartOf":{"@id":"https:\/\/twistislamophobia.org\/en\/2018\/12\/10\/why-are-we-blind-to-africa\/"},"author":{"name":"Fundaci\u00f3n de Cultura Isl\u00e1mica","@id":"https:\/\/twistislamophobia.org\/#\/schema\/person\/ad747f2d69cf56db855e7341a1478d0d"},"headline":"Why are we blind to Africa?","datePublished":"2018-12-10T09:57:30+00:00","dateModified":"2018-12-17T10:56:14+00:00","mainEntityOfPage":{"@id":"https:\/\/twistislamophobia.org\/en\/2018\/12\/10\/why-are-we-blind-to-africa\/"},"wordCount":119,"commentCount":0,"image":{"@id":"https:\/\/twistislamophobia.org\/en\/2018\/12\/10\/why-are-we-blind-to-africa\/#primaryimage"},"thumbnailUrl":"https:\/\/twistislamophobia.org\/wp-content\/uploads\/2018\/12\/Africa.jpg","keywords":["media","videos"],"articleSection":["Multimedia"],"inLanguage":"en-US","potentialAction":[{"@type":"CommentAction","name":"Comment","target":["https:\/\/twistislamophobia.org\/en\/2018\/12\/10\/why-are-we-blind-to-africa\/#respond"]}]},{"@type":"WebPage","@id":"https:\/\/twistislamophobia.org\/en\/2018\/12\/10\/why-are-we-blind-to-africa\/","url":"https:\/\/twistislamophobia.org\/en\/2018\/12\/10\/why-are-we-blind-to-africa\/","name":"Why are we blind to Africa? - Twist Islamophobia","isPartOf":{"@id":"https:\/\/twistislamophobia.org\/#website"},"primaryImageOfPage":{"@id":"https:\/\/twistislamophobia.org\/en\/2018\/12\/10\/why-are-we-blind-to-africa\/#primaryimage"},"image":{"@id":"https:\/\/twistislamophobia.org\/en\/2018\/12\/10\/why-are-we-blind-to-africa\/#primaryimage"},"thumbnailUrl":"https:\/\/twistislamophobia.org\/wp-content\/uploads\/2018\/12\/Africa.jpg","datePublished":"2018-12-10T09:57:30+00:00","dateModified":"2018-12-17T10:56:14+00:00","author":{"@id":"https:\/\/twistislamophobia.org\/#\/schema\/person\/ad747f2d69cf56db855e7341a1478d0d"},"breadcrumb":{"@id":"https:\/\/twistislamophobia.org\/en\/2018\/12\/10\/why-are-we-blind-to-africa\/#breadcrumb"},"inLanguage":"en-US","potentialAction":[{"@type":"ReadAction","target":["https:\/\/twistislamophobia.org\/en\/2018\/12\/10\/why-are-we-blind-to-africa\/"]}]},{"@type":"ImageObject","inLanguage":"en-US","@id":"https:\/\/twistislamophobia.org\/en\/2018\/12\/10\/why-are-we-blind-to-africa\/#primaryimage","url":"https:\/\/twistislamophobia.org\/wp-content\/uploads\/2018\/12\/Africa.jpg","contentUrl":"https:\/\/twistislamophobia.org\/wp-content\/uploads\/2018\/12\/Africa.jpg","width":900,"height":675},{"@type":"BreadcrumbList","@id":"https:\/\/twistislamophobia.org\/en\/2018\/12\/10\/why-are-we-blind-to-africa\/#breadcrumb","itemListElement":[{"@type":"ListItem","position":1,"name":"Portada","item":"https:\/\/twistislamophobia.org\/"},{"@type":"ListItem","position":2,"name":"Why are we blind to Africa?"}]},{"@type":"WebSite","@id":"https:\/\/twistislamophobia.org\/#website","url":"https:\/\/twistislamophobia.org\/","name":"Twist Islamophobia","description":"porque las diferencias suman","potentialAction":[{"@type":"SearchAction","target":{"@type":"EntryPoint","urlTemplate":"https:\/\/twistislamophobia.org\/?s={search_term_string}"},"query-input":{"@type":"PropertyValueSpecification","valueRequired":true,"valueName":"search_term_string"}}],"inLanguage":"en-US"},{"@type":"Person","@id":"https:\/\/twistislamophobia.org\/#\/schema\/person\/ad747f2d69cf56db855e7341a1478d0d","name":"Fundaci\u00f3n de Cultura Isl\u00e1mica","description":"La Fundaci\u00f3n de Cultura Isl\u00e1mica promueve el di\u00e1logo intercultural y la educaci\u00f3n para el desarrollo de forma independiente, cient\u00edfica y rigurosa, desde hace m\u00e1s de tres d\u00e9cadas.","sameAs":["http:\/\/www.funci.org\/","Fundaciondeculturaislamica"],"url":"https:\/\/twistislamophobia.org\/en\/author\/funci\/"}]}},"_links":{"self":[{"href":"https:\/\/twistislamophobia.org\/en\/wp-json\/wp\/v2\/posts\/5581","targetHints":{"allow":["GET"]}}],"collection":[{"href":"https:\/\/twistislamophobia.org\/en\/wp-json\/wp\/v2\/posts"}],"about":[{"href":"https:\/\/twistislamophobia.org\/en\/wp-json\/wp\/v2\/types\/post"}],"author":[{"embeddable":true,"href":"https:\/\/twistislamophobia.org\/en\/wp-json\/wp\/v2\/users\/2"}],"replies":[{"embeddable":true,"href":"https:\/\/twistislamophobia.org\/en\/wp-json\/wp\/v2\/comments?post=5581"}],"version-history":[{"count":1,"href":"https:\/\/twistislamophobia.org\/en\/wp-json\/wp\/v2\/posts\/5581\/revisions"}],"predecessor-version":[{"id":5582,"href":"https:\/\/twistislamophobia.org\/en\/wp-json\/wp\/v2\/posts\/5581\/revisions\/5582"}],"wp:featuredmedia":[{"embeddable":true,"href":"https:\/\/twistislamophobia.org\/en\/wp-json\/wp\/v2\/media\/5577"}],"wp:attachment":[{"href":"https:\/\/twistislamophobia.org\/en\/wp-json\/wp\/v2\/media?parent=5581"}],"wp:term":[{"taxonomy":"category","embeddable":true,"href":"https:\/\/twistislamophobia.org\/en\/wp-json\/wp\/v2\/categories?post=5581"},{"taxonomy":"post_tag","embeddable":true,"href":"https:\/\/twistislamophobia.org\/en\/wp-json\/wp\/v2\/tags?post=5581"}],"curies":[{"name":"wp","href":"https:\/\/api.w.org\/{rel}","templated":true}]}}