{"id":5194,"date":"2018-05-17T18:32:25","date_gmt":"2018-05-17T16:32:25","guid":{"rendered":"http:\/\/twistislamophobia.org\/en\/?p=5194"},"modified":"2018-08-20T13:58:34","modified_gmt":"2018-08-20T11:58:34","slug":"frequently-ask-questions-on-ramadan","status":"publish","type":"post","link":"https:\/\/twistislamophobia.org\/en\/2018\/05\/17\/frequently-ask-questions-on-ramadan\/","title":{"rendered":"Frequently Asked Questions on Ramadan"},"content":{"rendered":"<p><strong>With the beginning of the month of Ramadan, we recover this article from our website Islamic Culture Foundation, which answers the main doubts non-Muslims have every year, as Ramadan starts. This short explanation, developed by the Association of Belgian Professional Muslims, hopes to contribute to the understanding of Ramadan in the West and to help the coexistence and solidarity between those fasting and those who aren\u2019t.<\/strong><\/p>\n<p>Working in a place where fasting is not part of their habits and traditions for decades, or even centuries, who hasn\u2019t faced, year after year, the questions, surprised faces, the \u201cthat is so brave, I could never do it!\u201d, or even the worried or condescending looks in the working environment. That\u2019s it, all of us!<\/p>\n<p>The Association of Belgian Professional Muslims (ABPM) has developed, with some sense of humor, the questions\/answers, the Frequently Asked Questions (FAQ), that you can send to your colleagues or even hang it on the wall. Maybe that way you can avoid the questions on why you look a bit thinner than usual\u2026<\/p>\n<p><strong>Ramadan is\u2026<\/strong><\/p>\n<p>Ramadan is the ninth month of the Muslim calendar.<\/p>\n<p>It is, above all, a spiritual month, which focus on the \u201cwe can: improve, be closer to God, help our neighbors, be part of a caring community united by faith\u2026\u201d, more than in the \u201cwe can\u2019t: eat, drink, smoke, put on make-up\u2026\u201d. It is, thus, a month of joy, spirituality and good deeds, more than a month of deprivations.<\/p>\n<p><strong>Isn\u2019t it too hard?<\/strong><\/p>\n<p>You think you could never do it?<\/p>\n<p>Let\u2019s make one thing clear. Muslims are not superheroes, nor camels with a water reserve that allows them to stay the whole day without drinking. Everyone can do it, it is just a question of will, faith, and some practice.<\/p>\n<p>But let\u2019s be honest. Yes, it is not always easy. Some days are harder than others, especially if they are long.<\/p>\n<p><strong>Not even drink?<\/strong><\/p>\n<p>No! But again, that is not the most important thing.<\/p>\n<p><a class=\"post-gallery cboxElement\" href=\"http:\/\/twistislamophobia.org\/wp-content\/uploads\/2018\/05\/Ramadan_1.jpg\"><img loading=\"lazy\" decoding=\"async\" class=\"aligncenter wp-image-5186\" src=\"http:\/\/twistislamophobia.org\/wp-content\/uploads\/2018\/05\/Ramadan_1.jpg\" alt=\"Ramadan_1\" width=\"600\" height=\"398\" \/><\/a><\/p>\n<p><strong>Why do Muslims fast?<\/strong><\/p>\n<p>Fasting during the month of Ramadan is one of the five pillars of Islam. It was established this month because it is when the holly book \u2013the Qur\u2019an\u2013 began to be revealed to Prophet Muhammad (the last Prophet according to the Muslim faith). The Qur\u2019an establishes that all good Muslims must fast this month, every year (Qur\u2019an 2:185 [chapter 2 Al-Baqarah, verse 195]).<\/p>\n<p>Fasting is directed to the collective recitation of the Qur\u2019an (\u201cTawarih\u201d), every evening until the end of the month. It is also a month of mercy and celebration of the grace of God, which gathers the whole Muslim community.<\/p>\n<p><strong>Yes, but, during Ramadan, you can\u2019t\u2026?<\/strong><\/p>\n<p>That\u2019s it, during Ramadan we can\u2019t eat or drink, or have sexual relations between the dawn and dusk. That means that, during this month, the coffee or lunch break will be only that, a break.<\/p>\n<p>More than the monthly deprivation of human pleasures, always encouraged by God, it is a month in which the believer tries to improve as a person, repressing its worst aspects: the lying, the hypocrisy, the selfishness\u2026<\/p>\n<p>The deprivation of human pleasures is also a way for the believer to realize that the daily satisfaction of needs is something that only a small part of the community enjoys. That way, the need for sharing and for justice are emphasized.<\/p>\n<p><strong>Dawn\u2026?<\/strong><\/p>\n<p>Yes, the dawn and the rising of the sun are not the same thing. We need to remember that dawn is the beginning of the beginning of brightness in the sky, approximately two hours before the sun is up.<\/p>\n<p><a class=\"post-gallery cboxElement\" href=\"http:\/\/twistislamophobia.org\/wp-content\/uploads\/2018\/05\/Ramadan_2.jpg\"><img loading=\"lazy\" decoding=\"async\" class=\"aligncenter wp-image-5188\" src=\"http:\/\/twistislamophobia.org\/wp-content\/uploads\/2018\/05\/Ramadan_2.jpg\" alt=\"Ramadan_2\" width=\"600\" height=\"399\" \/><\/a><\/p>\n<p><strong>But, when does Ramadan begin?<\/strong><\/p>\n<p>It depends on the moon, as Ramadan is the ninth month of the Muslim calendar, which is a lunar calendar. That is the reason that dates change every year (in the solar calendar), if we take into account that the lunar year has 354 days and is, thus, shorter that the solar year (365 days).<\/p>\n<p>We are currently in the year 1439 of the Muslim calendar, which begins with the exile (Hegira) of the Prophet from Mecca to Madinah (both in Saudi Arabia today) in the year 622 (of the solar calendar).<\/p>\n<p><strong>Why doesn\u2019t it have a fixed date? It would be easier, wouldn\u2019t it?<\/strong><\/p>\n<p>It is fixed in the Muslim calendar, but not in the Gregorian calendar. And no, it wouldn\u2019t be more comfortable, quite the opposite! Because the lunar year is shorter, Ramadan moves back approximately 11 years every solar year, so it varies in period and season. This allows the different Muslim communities to enjoy days of different lengths. If Ramadan follows the solar calendar, every year we would just go to the farther place in the northern hemisphere, where days are shorter.<\/p>\n<p><strong>Is Ramadan the \u201cMuslim Lent\u201d?<\/strong><\/p>\n<p>Absolutely not. The following points gather the main differences between them:<\/p>\n<ul>\n<li>Ramadan is, above all, a month of the Muslim calendar. In the original Latin language, it is called <em>Quadragesima<\/em>, which means \u201cforty\u201d and which is a reference to Easter, at the end of the Lent.<\/li>\n<li>The month of Ramadan references the beginning of the revelation of the Qur\u2019an to the Muslim community. The Lent, originally, was the moment when adults who were going to be baptized received an intensive training. Soon, all Christians began to consider this period as a time of reflection on their own baptism and commitment to following the risen Christ.<\/li>\n<li>Ramadan follows the Muslim calendar, a lunar calendar, whereas Lent follows the Gregorian calendar, a solar one.<\/li>\n<li>Fasting is clearly codified by rules deriving from the Qur\u2019an and the Prophetic tradition. Christians, on the other hand, need to temper down everything that is bringing them apart from Christ. It is up to every Christian to choose in which fields he wants to free himself: he might want to cut down alcohol, cigarettes or food; but he also can focus on family, work, etc. Nowadays, fasting is barely practiced during Lest, with the exception of Ash Wednesday or Good Friday. However, the tradition of not eating lean (that is, not eating meat or food with animal fat) has survived.<\/li>\n<\/ul>\n<p><strong>And isn\u2019t it serious if\u2026?<\/strong><\/p>\n<p>You eat in front of us and it is not a problem, we ae not starving\u2026 If you ask us to go have lunch, it\u2019s also ok, you can forget we are fasting\u2026 And if you have any more questions, you can always ask them to us\u2026<\/p>\n","protected":false},"excerpt":{"rendered":"<p>With the beginning of the month of Ramadan, we recover this article from our website Islamic Culture Foundation, which answers the main doubts non-Muslims have every year, as Ramadan starts. This short explanation, developed by the Association of Belgian Professional Muslims, hopes to contribute to the understanding of Ramadan in the West and to help the coexistence and solidarity between those fasting and those who aren\u2019t. Working in a place where fasting is not part of their habits and traditions for decades, or even centuries, who hasn\u2019t faced, year after year, the questions, surprised faces, the \u201cthat is so brave, I could never do it!\u201d, or even the worried or condescending looks in the working environment. That\u2019s it, all of us! The Association of Belgian Professional Muslims (ABPM) has developed, with some sense of humor, the questions\/answers, the Frequently Asked Questions (FAQ), that you can send to your colleagues or even hang it on the wall. Maybe that way you can avoid the questions on why you look a bit thinner than usual\u2026 Ramadan is\u2026 Ramadan is the ninth month of the Muslim calendar. It is, above all, a spiritual month, which focus on the \u201cwe can: improve, be closer &#8230;<\/p>\n","protected":false},"author":2,"featured_media":5182,"comment_status":"open","ping_status":"closed","sticky":false,"template":"","format":"standard","meta":{"footnotes":""},"categories":[115],"tags":[],"class_list":["post-5194","post","type-post","status-publish","format-standard","has-post-thumbnail","hentry","category-share-en"],"yoast_head":"<!-- This site is optimized with the Yoast SEO plugin v27.4 - https:\/\/yoast.com\/product\/yoast-seo-wordpress\/ -->\n<title>Frequently Asked Questions on Ramadan - Twist Islamophobia<\/title>\n<meta name=\"robots\" content=\"index, follow, max-snippet:-1, max-image-preview:large, max-video-preview:-1\" \/>\n<link rel=\"canonical\" href=\"https:\/\/twistislamophobia.org\/en\/2018\/05\/17\/frequently-ask-questions-on-ramadan\/\" \/>\n<meta property=\"og:locale\" content=\"en_US\" \/>\n<meta property=\"og:type\" content=\"article\" \/>\n<meta property=\"og:title\" content=\"Frequently Asked Questions on Ramadan - Twist Islamophobia\" \/>\n<meta property=\"og:description\" content=\"With the beginning of the month of Ramadan, we recover this article from our website Islamic Culture Foundation, which answers the main doubts non-Muslims have every year, as Ramadan starts. This short explanation, developed by the Association of Belgian Professional Muslims, hopes to contribute to the understanding of Ramadan in the West and to help the coexistence and solidarity between those fasting and those who aren\u2019t. Working in a place where fasting is not part of their habits and traditions for decades, or even centuries, who hasn\u2019t faced, year after year, the questions, surprised faces, the \u201cthat is so brave, I could never do it!\u201d, or even the worried or condescending looks in the working environment. That\u2019s it, all of us! The Association of Belgian Professional Muslims (ABPM) has developed, with some sense of humor, the questions\/answers, the Frequently Asked Questions (FAQ), that you can send to your colleagues or even hang it on the wall. Maybe that way you can avoid the questions on why you look a bit thinner than usual\u2026 Ramadan is\u2026 Ramadan is the ninth month of the Muslim calendar. It is, above all, a spiritual month, which focus on the \u201cwe can: improve, be closer ...\" \/>\n<meta property=\"og:url\" content=\"https:\/\/twistislamophobia.org\/en\/2018\/05\/17\/frequently-ask-questions-on-ramadan\/\" \/>\n<meta property=\"og:site_name\" content=\"Twist Islamophobia\" \/>\n<meta property=\"article:author\" content=\"Fundaciondeculturaislamica\" \/>\n<meta property=\"article:published_time\" content=\"2018-05-17T16:32:25+00:00\" \/>\n<meta property=\"article:modified_time\" content=\"2018-08-20T11:58:34+00:00\" \/>\n<meta property=\"og:image\" content=\"https:\/\/twistislamophobia.org\/wp-content\/uploads\/2018\/05\/ramdan2018-alta-e1526891690422.jpg\" \/>\n\t<meta property=\"og:image:width\" content=\"800\" \/>\n\t<meta property=\"og:image:height\" content=\"452\" \/>\n\t<meta property=\"og:image:type\" content=\"image\/jpeg\" \/>\n<meta name=\"author\" content=\"Fundaci\u00f3n de Cultura Isl\u00e1mica\" \/>\n<meta name=\"twitter:card\" content=\"summary_large_image\" \/>\n<meta name=\"twitter:label1\" content=\"Written by\" \/>\n\t<meta name=\"twitter:data1\" content=\"Fundaci\u00f3n de Cultura Isl\u00e1mica\" \/>\n\t<meta name=\"twitter:label2\" content=\"Est. reading time\" \/>\n\t<meta name=\"twitter:data2\" content=\"5 minutes\" \/>\n<script type=\"application\/ld+json\" class=\"yoast-schema-graph\">{\"@context\":\"https:\\\/\\\/schema.org\",\"@graph\":[{\"@type\":\"Article\",\"@id\":\"https:\\\/\\\/twistislamophobia.org\\\/en\\\/2018\\\/05\\\/17\\\/frequently-ask-questions-on-ramadan\\\/#article\",\"isPartOf\":{\"@id\":\"https:\\\/\\\/twistislamophobia.org\\\/en\\\/2018\\\/05\\\/17\\\/frequently-ask-questions-on-ramadan\\\/\"},\"author\":{\"name\":\"Fundaci\u00f3n de Cultura Isl\u00e1mica\",\"@id\":\"https:\\\/\\\/twistislamophobia.org\\\/#\\\/schema\\\/person\\\/ad747f2d69cf56db855e7341a1478d0d\"},\"headline\":\"Frequently Asked Questions on Ramadan\",\"datePublished\":\"2018-05-17T16:32:25+00:00\",\"dateModified\":\"2018-08-20T11:58:34+00:00\",\"mainEntityOfPage\":{\"@id\":\"https:\\\/\\\/twistislamophobia.org\\\/en\\\/2018\\\/05\\\/17\\\/frequently-ask-questions-on-ramadan\\\/\"},\"wordCount\":1083,\"commentCount\":0,\"image\":{\"@id\":\"https:\\\/\\\/twistislamophobia.org\\\/en\\\/2018\\\/05\\\/17\\\/frequently-ask-questions-on-ramadan\\\/#primaryimage\"},\"thumbnailUrl\":\"https:\\\/\\\/twistislamophobia.org\\\/wp-content\\\/uploads\\\/2018\\\/05\\\/ramdan2018-alta-e1526891690422.jpg\",\"articleSection\":[\"Share\"],\"inLanguage\":\"en-US\",\"potentialAction\":[{\"@type\":\"CommentAction\",\"name\":\"Comment\",\"target\":[\"https:\\\/\\\/twistislamophobia.org\\\/en\\\/2018\\\/05\\\/17\\\/frequently-ask-questions-on-ramadan\\\/#respond\"]}]},{\"@type\":\"WebPage\",\"@id\":\"https:\\\/\\\/twistislamophobia.org\\\/en\\\/2018\\\/05\\\/17\\\/frequently-ask-questions-on-ramadan\\\/\",\"url\":\"https:\\\/\\\/twistislamophobia.org\\\/en\\\/2018\\\/05\\\/17\\\/frequently-ask-questions-on-ramadan\\\/\",\"name\":\"Frequently Asked Questions on Ramadan - Twist Islamophobia\",\"isPartOf\":{\"@id\":\"https:\\\/\\\/twistislamophobia.org\\\/#website\"},\"primaryImageOfPage\":{\"@id\":\"https:\\\/\\\/twistislamophobia.org\\\/en\\\/2018\\\/05\\\/17\\\/frequently-ask-questions-on-ramadan\\\/#primaryimage\"},\"image\":{\"@id\":\"https:\\\/\\\/twistislamophobia.org\\\/en\\\/2018\\\/05\\\/17\\\/frequently-ask-questions-on-ramadan\\\/#primaryimage\"},\"thumbnailUrl\":\"https:\\\/\\\/twistislamophobia.org\\\/wp-content\\\/uploads\\\/2018\\\/05\\\/ramdan2018-alta-e1526891690422.jpg\",\"datePublished\":\"2018-05-17T16:32:25+00:00\",\"dateModified\":\"2018-08-20T11:58:34+00:00\",\"author\":{\"@id\":\"https:\\\/\\\/twistislamophobia.org\\\/#\\\/schema\\\/person\\\/ad747f2d69cf56db855e7341a1478d0d\"},\"breadcrumb\":{\"@id\":\"https:\\\/\\\/twistislamophobia.org\\\/en\\\/2018\\\/05\\\/17\\\/frequently-ask-questions-on-ramadan\\\/#breadcrumb\"},\"inLanguage\":\"en-US\",\"potentialAction\":[{\"@type\":\"ReadAction\",\"target\":[\"https:\\\/\\\/twistislamophobia.org\\\/en\\\/2018\\\/05\\\/17\\\/frequently-ask-questions-on-ramadan\\\/\"]}]},{\"@type\":\"ImageObject\",\"inLanguage\":\"en-US\",\"@id\":\"https:\\\/\\\/twistislamophobia.org\\\/en\\\/2018\\\/05\\\/17\\\/frequently-ask-questions-on-ramadan\\\/#primaryimage\",\"url\":\"https:\\\/\\\/twistislamophobia.org\\\/wp-content\\\/uploads\\\/2018\\\/05\\\/ramdan2018-alta-e1526891690422.jpg\",\"contentUrl\":\"https:\\\/\\\/twistislamophobia.org\\\/wp-content\\\/uploads\\\/2018\\\/05\\\/ramdan2018-alta-e1526891690422.jpg\",\"width\":800,\"height\":452},{\"@type\":\"BreadcrumbList\",\"@id\":\"https:\\\/\\\/twistislamophobia.org\\\/en\\\/2018\\\/05\\\/17\\\/frequently-ask-questions-on-ramadan\\\/#breadcrumb\",\"itemListElement\":[{\"@type\":\"ListItem\",\"position\":1,\"name\":\"Portada\",\"item\":\"https:\\\/\\\/twistislamophobia.org\\\/\"},{\"@type\":\"ListItem\",\"position\":2,\"name\":\"Frequently Asked Questions on Ramadan\"}]},{\"@type\":\"WebSite\",\"@id\":\"https:\\\/\\\/twistislamophobia.org\\\/#website\",\"url\":\"https:\\\/\\\/twistislamophobia.org\\\/\",\"name\":\"Twist Islamophobia\",\"description\":\"porque las diferencias suman\",\"potentialAction\":[{\"@type\":\"SearchAction\",\"target\":{\"@type\":\"EntryPoint\",\"urlTemplate\":\"https:\\\/\\\/twistislamophobia.org\\\/?s={search_term_string}\"},\"query-input\":{\"@type\":\"PropertyValueSpecification\",\"valueRequired\":true,\"valueName\":\"search_term_string\"}}],\"inLanguage\":\"en-US\"},{\"@type\":\"Person\",\"@id\":\"https:\\\/\\\/twistislamophobia.org\\\/#\\\/schema\\\/person\\\/ad747f2d69cf56db855e7341a1478d0d\",\"name\":\"Fundaci\u00f3n de Cultura Isl\u00e1mica\",\"description\":\"La Fundaci\u00f3n de Cultura Isl\u00e1mica promueve el di\u00e1logo intercultural y la educaci\u00f3n para el desarrollo de forma independiente, cient\u00edfica y rigurosa, desde hace m\u00e1s de tres d\u00e9cadas.\",\"sameAs\":[\"http:\\\/\\\/www.funci.org\\\/\",\"Fundaciondeculturaislamica\"],\"url\":\"https:\\\/\\\/twistislamophobia.org\\\/en\\\/author\\\/funci\\\/\"}]}<\/script>\n<!-- \/ Yoast SEO plugin. -->","yoast_head_json":{"title":"Frequently Asked Questions on Ramadan - Twist Islamophobia","robots":{"index":"index","follow":"follow","max-snippet":"max-snippet:-1","max-image-preview":"max-image-preview:large","max-video-preview":"max-video-preview:-1"},"canonical":"https:\/\/twistislamophobia.org\/en\/2018\/05\/17\/frequently-ask-questions-on-ramadan\/","og_locale":"en_US","og_type":"article","og_title":"Frequently Asked Questions on Ramadan - Twist Islamophobia","og_description":"With the beginning of the month of Ramadan, we recover this article from our website Islamic Culture Foundation, which answers the main doubts non-Muslims have every year, as Ramadan starts. This short explanation, developed by the Association of Belgian Professional Muslims, hopes to contribute to the understanding of Ramadan in the West and to help the coexistence and solidarity between those fasting and those who aren\u2019t. Working in a place where fasting is not part of their habits and traditions for decades, or even centuries, who hasn\u2019t faced, year after year, the questions, surprised faces, the \u201cthat is so brave, I could never do it!\u201d, or even the worried or condescending looks in the working environment. That\u2019s it, all of us! The Association of Belgian Professional Muslims (ABPM) has developed, with some sense of humor, the questions\/answers, the Frequently Asked Questions (FAQ), that you can send to your colleagues or even hang it on the wall. Maybe that way you can avoid the questions on why you look a bit thinner than usual\u2026 Ramadan is\u2026 Ramadan is the ninth month of the Muslim calendar. It is, above all, a spiritual month, which focus on the \u201cwe can: improve, be closer ...","og_url":"https:\/\/twistislamophobia.org\/en\/2018\/05\/17\/frequently-ask-questions-on-ramadan\/","og_site_name":"Twist Islamophobia","article_author":"Fundaciondeculturaislamica","article_published_time":"2018-05-17T16:32:25+00:00","article_modified_time":"2018-08-20T11:58:34+00:00","og_image":[{"width":800,"height":452,"url":"https:\/\/twistislamophobia.org\/wp-content\/uploads\/2018\/05\/ramdan2018-alta-e1526891690422.jpg","type":"image\/jpeg"}],"author":"Fundaci\u00f3n de Cultura Isl\u00e1mica","twitter_card":"summary_large_image","twitter_misc":{"Written by":"Fundaci\u00f3n de Cultura Isl\u00e1mica","Est. reading time":"5 minutes"},"schema":{"@context":"https:\/\/schema.org","@graph":[{"@type":"Article","@id":"https:\/\/twistislamophobia.org\/en\/2018\/05\/17\/frequently-ask-questions-on-ramadan\/#article","isPartOf":{"@id":"https:\/\/twistislamophobia.org\/en\/2018\/05\/17\/frequently-ask-questions-on-ramadan\/"},"author":{"name":"Fundaci\u00f3n de Cultura Isl\u00e1mica","@id":"https:\/\/twistislamophobia.org\/#\/schema\/person\/ad747f2d69cf56db855e7341a1478d0d"},"headline":"Frequently Asked Questions on Ramadan","datePublished":"2018-05-17T16:32:25+00:00","dateModified":"2018-08-20T11:58:34+00:00","mainEntityOfPage":{"@id":"https:\/\/twistislamophobia.org\/en\/2018\/05\/17\/frequently-ask-questions-on-ramadan\/"},"wordCount":1083,"commentCount":0,"image":{"@id":"https:\/\/twistislamophobia.org\/en\/2018\/05\/17\/frequently-ask-questions-on-ramadan\/#primaryimage"},"thumbnailUrl":"https:\/\/twistislamophobia.org\/wp-content\/uploads\/2018\/05\/ramdan2018-alta-e1526891690422.jpg","articleSection":["Share"],"inLanguage":"en-US","potentialAction":[{"@type":"CommentAction","name":"Comment","target":["https:\/\/twistislamophobia.org\/en\/2018\/05\/17\/frequently-ask-questions-on-ramadan\/#respond"]}]},{"@type":"WebPage","@id":"https:\/\/twistislamophobia.org\/en\/2018\/05\/17\/frequently-ask-questions-on-ramadan\/","url":"https:\/\/twistislamophobia.org\/en\/2018\/05\/17\/frequently-ask-questions-on-ramadan\/","name":"Frequently Asked Questions on Ramadan - Twist Islamophobia","isPartOf":{"@id":"https:\/\/twistislamophobia.org\/#website"},"primaryImageOfPage":{"@id":"https:\/\/twistislamophobia.org\/en\/2018\/05\/17\/frequently-ask-questions-on-ramadan\/#primaryimage"},"image":{"@id":"https:\/\/twistislamophobia.org\/en\/2018\/05\/17\/frequently-ask-questions-on-ramadan\/#primaryimage"},"thumbnailUrl":"https:\/\/twistislamophobia.org\/wp-content\/uploads\/2018\/05\/ramdan2018-alta-e1526891690422.jpg","datePublished":"2018-05-17T16:32:25+00:00","dateModified":"2018-08-20T11:58:34+00:00","author":{"@id":"https:\/\/twistislamophobia.org\/#\/schema\/person\/ad747f2d69cf56db855e7341a1478d0d"},"breadcrumb":{"@id":"https:\/\/twistislamophobia.org\/en\/2018\/05\/17\/frequently-ask-questions-on-ramadan\/#breadcrumb"},"inLanguage":"en-US","potentialAction":[{"@type":"ReadAction","target":["https:\/\/twistislamophobia.org\/en\/2018\/05\/17\/frequently-ask-questions-on-ramadan\/"]}]},{"@type":"ImageObject","inLanguage":"en-US","@id":"https:\/\/twistislamophobia.org\/en\/2018\/05\/17\/frequently-ask-questions-on-ramadan\/#primaryimage","url":"https:\/\/twistislamophobia.org\/wp-content\/uploads\/2018\/05\/ramdan2018-alta-e1526891690422.jpg","contentUrl":"https:\/\/twistislamophobia.org\/wp-content\/uploads\/2018\/05\/ramdan2018-alta-e1526891690422.jpg","width":800,"height":452},{"@type":"BreadcrumbList","@id":"https:\/\/twistislamophobia.org\/en\/2018\/05\/17\/frequently-ask-questions-on-ramadan\/#breadcrumb","itemListElement":[{"@type":"ListItem","position":1,"name":"Portada","item":"https:\/\/twistislamophobia.org\/"},{"@type":"ListItem","position":2,"name":"Frequently Asked Questions on Ramadan"}]},{"@type":"WebSite","@id":"https:\/\/twistislamophobia.org\/#website","url":"https:\/\/twistislamophobia.org\/","name":"Twist Islamophobia","description":"porque las diferencias suman","potentialAction":[{"@type":"SearchAction","target":{"@type":"EntryPoint","urlTemplate":"https:\/\/twistislamophobia.org\/?s={search_term_string}"},"query-input":{"@type":"PropertyValueSpecification","valueRequired":true,"valueName":"search_term_string"}}],"inLanguage":"en-US"},{"@type":"Person","@id":"https:\/\/twistislamophobia.org\/#\/schema\/person\/ad747f2d69cf56db855e7341a1478d0d","name":"Fundaci\u00f3n de Cultura Isl\u00e1mica","description":"La Fundaci\u00f3n de Cultura Isl\u00e1mica promueve el di\u00e1logo intercultural y la educaci\u00f3n para el desarrollo de forma independiente, cient\u00edfica y rigurosa, desde hace m\u00e1s de tres d\u00e9cadas.","sameAs":["http:\/\/www.funci.org\/","Fundaciondeculturaislamica"],"url":"https:\/\/twistislamophobia.org\/en\/author\/funci\/"}]}},"_links":{"self":[{"href":"https:\/\/twistislamophobia.org\/en\/wp-json\/wp\/v2\/posts\/5194","targetHints":{"allow":["GET"]}}],"collection":[{"href":"https:\/\/twistislamophobia.org\/en\/wp-json\/wp\/v2\/posts"}],"about":[{"href":"https:\/\/twistislamophobia.org\/en\/wp-json\/wp\/v2\/types\/post"}],"author":[{"embeddable":true,"href":"https:\/\/twistislamophobia.org\/en\/wp-json\/wp\/v2\/users\/2"}],"replies":[{"embeddable":true,"href":"https:\/\/twistislamophobia.org\/en\/wp-json\/wp\/v2\/comments?post=5194"}],"version-history":[{"count":2,"href":"https:\/\/twistislamophobia.org\/en\/wp-json\/wp\/v2\/posts\/5194\/revisions"}],"predecessor-version":[{"id":5210,"href":"https:\/\/twistislamophobia.org\/en\/wp-json\/wp\/v2\/posts\/5194\/revisions\/5210"}],"wp:featuredmedia":[{"embeddable":true,"href":"https:\/\/twistislamophobia.org\/en\/wp-json\/wp\/v2\/media\/5182"}],"wp:attachment":[{"href":"https:\/\/twistislamophobia.org\/en\/wp-json\/wp\/v2\/media?parent=5194"}],"wp:term":[{"taxonomy":"category","embeddable":true,"href":"https:\/\/twistislamophobia.org\/en\/wp-json\/wp\/v2\/categories?post=5194"},{"taxonomy":"post_tag","embeddable":true,"href":"https:\/\/twistislamophobia.org\/en\/wp-json\/wp\/v2\/tags?post=5194"}],"curies":[{"name":"wp","href":"https:\/\/api.w.org\/{rel}","templated":true}]}}