{"id":2018,"date":"2016-04-29T09:21:47","date_gmt":"2016-04-29T09:21:47","guid":{"rendered":"http:\/\/twistislamophobia.org\/en\/?p=2018"},"modified":"2017-03-13T12:40:24","modified_gmt":"2017-03-13T12:40:24","slug":"2018","status":"publish","type":"post","link":"https:\/\/twistislamophobia.org\/en\/2016\/04\/29\/2018\/","title":{"rendered":"New addition for the Twistislamophobia network"},"content":{"rendered":"<p>With the purpose of celebrating the inclusion of the No Hate Speech Movement in our <a href=\"https:\/\/twistislamophobia.org\/en\/associations\/\">collaborators\u2019 network<\/a>, we present you this video that explains what hate speech is and how we can fight it.<\/p>\n<p>Through this agreement, the <a href=\"http:\/\/www.nohatespeechmovement.org\/\">No Hate Speech Movement<\/a> becomes part of our collaboration platform, through which we try to encourage the exchange of information among the associations active in the fight against islamophobia and the organization of joint actions.<\/p>\n<p><strong>What is hate speech?<\/strong><\/p>\n<p>According to the European Council, hate speech \u201ccomprises all forms of expression that promote, encourage, spread or justify racial hatred, xenophobia, antisemitism, or any other kind of hate based in ethnocentrism, discrimination, and hostility against minorities, immigrants or people of migrant background\u201d.<\/p>\n<p>Sadly, this type of speech is very hard to control and, often enough, finds its way in the media, the internet, and even the political field. Internet and anonymity have contributed considerably to the <a href=\"http:\/\/www.efe.com\/efe\/english\/world\/council-of-europe-warns-dramatic-increase-in-hate-speech-on-the-internet\/50000262-2660543\">rise of hate speech<\/a> in the last years. This increase makes it more necessary than ever to face this type of discrimination.<\/p>\n<p>In order to do so, the No Hate Speech Movement was conceived as a youth project launched by the EU\u2019s European Council with the aim of fighting Islamophobia. This initiative began in 2012 and it has managed to gather thousands of people from all over Europe, raising awareness about this problem, encouraging its rejection, and providing the necessary educational material to face it.<\/p>\n","protected":false},"excerpt":{"rendered":"<p>With the purpose of celebrating the inclusion of the No Hate Speech Movement in our collaborators\u2019 network, we present you this video that explains what hate speech is and how we can fight it. Through this agreement, the No Hate Speech Movement becomes part of our collaboration platform, through which we try to encourage the exchange of information among the associations active in the fight against islamophobia and the organization of joint actions. What is hate speech? According to the European Council, hate speech \u201ccomprises all forms of expression that promote, encourage, spread or justify racial hatred, xenophobia, antisemitism, or any other kind of hate based in ethnocentrism, discrimination, and hostility against minorities, immigrants or people of migrant background\u201d. Sadly, this type of speech is very hard to control and, often enough, finds its way in the media, the internet, and even the political field. Internet and anonymity have contributed considerably to the rise of hate speech in the last years. This increase makes it more necessary than ever to face this type of discrimination. In order to do so, the No Hate Speech Movement was conceived as a youth project launched by the EU\u2019s European Council with the aim &#8230;<\/p>\n","protected":false},"author":2,"featured_media":2016,"comment_status":"open","ping_status":"open","sticky":false,"template":"","format":"standard","meta":{"footnotes":""},"categories":[113,115],"tags":[],"class_list":["post-2018","post","type-post","status-publish","format-standard","has-post-thumbnail","hentry","category-activities","category-share-en"],"yoast_head":"<!-- This site is optimized with the Yoast SEO plugin v27.4 - https:\/\/yoast.com\/product\/yoast-seo-wordpress\/ -->\n<title>New addition for the Twistislamophobia network - Twist Islamophobia<\/title>\n<meta name=\"robots\" content=\"index, follow, max-snippet:-1, max-image-preview:large, max-video-preview:-1\" \/>\n<link rel=\"canonical\" href=\"https:\/\/twistislamophobia.org\/en\/2016\/04\/29\/2018\/\" \/>\n<meta property=\"og:locale\" content=\"en_US\" \/>\n<meta property=\"og:type\" content=\"article\" \/>\n<meta property=\"og:title\" content=\"New addition for the Twistislamophobia network - Twist Islamophobia\" \/>\n<meta property=\"og:description\" content=\"With the purpose of celebrating the inclusion of the No Hate Speech Movement in our collaborators\u2019 network, we present you this video that explains what hate speech is and how we can fight it. Through this agreement, the No Hate Speech Movement becomes part of our collaboration platform, through which we try to encourage the exchange of information among the associations active in the fight against islamophobia and the organization of joint actions. What is hate speech? According to the European Council, hate speech \u201ccomprises all forms of expression that promote, encourage, spread or justify racial hatred, xenophobia, antisemitism, or any other kind of hate based in ethnocentrism, discrimination, and hostility against minorities, immigrants or people of migrant background\u201d. Sadly, this type of speech is very hard to control and, often enough, finds its way in the media, the internet, and even the political field. Internet and anonymity have contributed considerably to the rise of hate speech in the last years. This increase makes it more necessary than ever to face this type of discrimination. In order to do so, the No Hate Speech Movement was conceived as a youth project launched by the EU\u2019s European Council with the aim ...\" \/>\n<meta property=\"og:url\" content=\"https:\/\/twistislamophobia.org\/en\/2016\/04\/29\/2018\/\" \/>\n<meta property=\"og:site_name\" content=\"Twist Islamophobia\" \/>\n<meta property=\"article:author\" content=\"Fundaciondeculturaislamica\" \/>\n<meta property=\"article:published_time\" content=\"2016-04-29T09:21:47+00:00\" \/>\n<meta property=\"article:modified_time\" content=\"2017-03-13T12:40:24+00:00\" \/>\n<meta property=\"og:image\" content=\"https:\/\/twistislamophobia.org\/wp-content\/uploads\/2016\/04\/no-hate-speech.jpg\" \/>\n\t<meta property=\"og:image:width\" content=\"800\" \/>\n\t<meta property=\"og:image:height\" content=\"338\" \/>\n\t<meta property=\"og:image:type\" content=\"image\/jpeg\" \/>\n<meta name=\"author\" content=\"Fundaci\u00f3n de Cultura Isl\u00e1mica\" \/>\n<meta name=\"twitter:card\" content=\"summary_large_image\" \/>\n<meta name=\"twitter:label1\" content=\"Written by\" \/>\n\t<meta name=\"twitter:data1\" content=\"Fundaci\u00f3n de Cultura Isl\u00e1mica\" \/>\n\t<meta name=\"twitter:label2\" content=\"Est. reading time\" \/>\n\t<meta name=\"twitter:data2\" content=\"1 minute\" \/>\n<script type=\"application\/ld+json\" class=\"yoast-schema-graph\">{\"@context\":\"https:\\\/\\\/schema.org\",\"@graph\":[{\"@type\":\"Article\",\"@id\":\"https:\\\/\\\/twistislamophobia.org\\\/en\\\/2016\\\/04\\\/29\\\/2018\\\/#article\",\"isPartOf\":{\"@id\":\"https:\\\/\\\/twistislamophobia.org\\\/en\\\/2016\\\/04\\\/29\\\/2018\\\/\"},\"author\":{\"name\":\"Fundaci\u00f3n de Cultura Isl\u00e1mica\",\"@id\":\"https:\\\/\\\/twistislamophobia.org\\\/#\\\/schema\\\/person\\\/ad747f2d69cf56db855e7341a1478d0d\"},\"headline\":\"New addition for the Twistislamophobia network\",\"datePublished\":\"2016-04-29T09:21:47+00:00\",\"dateModified\":\"2017-03-13T12:40:24+00:00\",\"mainEntityOfPage\":{\"@id\":\"https:\\\/\\\/twistislamophobia.org\\\/en\\\/2016\\\/04\\\/29\\\/2018\\\/\"},\"wordCount\":244,\"commentCount\":0,\"image\":{\"@id\":\"https:\\\/\\\/twistislamophobia.org\\\/en\\\/2016\\\/04\\\/29\\\/2018\\\/#primaryimage\"},\"thumbnailUrl\":\"https:\\\/\\\/twistislamophobia.org\\\/wp-content\\\/uploads\\\/2016\\\/04\\\/no-hate-speech.jpg\",\"articleSection\":[\"Activities\",\"Share\"],\"inLanguage\":\"en-US\",\"potentialAction\":[{\"@type\":\"CommentAction\",\"name\":\"Comment\",\"target\":[\"https:\\\/\\\/twistislamophobia.org\\\/en\\\/2016\\\/04\\\/29\\\/2018\\\/#respond\"]}]},{\"@type\":\"WebPage\",\"@id\":\"https:\\\/\\\/twistislamophobia.org\\\/en\\\/2016\\\/04\\\/29\\\/2018\\\/\",\"url\":\"https:\\\/\\\/twistislamophobia.org\\\/en\\\/2016\\\/04\\\/29\\\/2018\\\/\",\"name\":\"New addition for the Twistislamophobia network - Twist Islamophobia\",\"isPartOf\":{\"@id\":\"https:\\\/\\\/twistislamophobia.org\\\/#website\"},\"primaryImageOfPage\":{\"@id\":\"https:\\\/\\\/twistislamophobia.org\\\/en\\\/2016\\\/04\\\/29\\\/2018\\\/#primaryimage\"},\"image\":{\"@id\":\"https:\\\/\\\/twistislamophobia.org\\\/en\\\/2016\\\/04\\\/29\\\/2018\\\/#primaryimage\"},\"thumbnailUrl\":\"https:\\\/\\\/twistislamophobia.org\\\/wp-content\\\/uploads\\\/2016\\\/04\\\/no-hate-speech.jpg\",\"datePublished\":\"2016-04-29T09:21:47+00:00\",\"dateModified\":\"2017-03-13T12:40:24+00:00\",\"author\":{\"@id\":\"https:\\\/\\\/twistislamophobia.org\\\/#\\\/schema\\\/person\\\/ad747f2d69cf56db855e7341a1478d0d\"},\"breadcrumb\":{\"@id\":\"https:\\\/\\\/twistislamophobia.org\\\/en\\\/2016\\\/04\\\/29\\\/2018\\\/#breadcrumb\"},\"inLanguage\":\"en-US\",\"potentialAction\":[{\"@type\":\"ReadAction\",\"target\":[\"https:\\\/\\\/twistislamophobia.org\\\/en\\\/2016\\\/04\\\/29\\\/2018\\\/\"]}]},{\"@type\":\"ImageObject\",\"inLanguage\":\"en-US\",\"@id\":\"https:\\\/\\\/twistislamophobia.org\\\/en\\\/2016\\\/04\\\/29\\\/2018\\\/#primaryimage\",\"url\":\"https:\\\/\\\/twistislamophobia.org\\\/wp-content\\\/uploads\\\/2016\\\/04\\\/no-hate-speech.jpg\",\"contentUrl\":\"https:\\\/\\\/twistislamophobia.org\\\/wp-content\\\/uploads\\\/2016\\\/04\\\/no-hate-speech.jpg\",\"width\":800,\"height\":338},{\"@type\":\"BreadcrumbList\",\"@id\":\"https:\\\/\\\/twistislamophobia.org\\\/en\\\/2016\\\/04\\\/29\\\/2018\\\/#breadcrumb\",\"itemListElement\":[{\"@type\":\"ListItem\",\"position\":1,\"name\":\"Portada\",\"item\":\"https:\\\/\\\/twistislamophobia.org\\\/\"},{\"@type\":\"ListItem\",\"position\":2,\"name\":\"New addition for the Twistislamophobia network\"}]},{\"@type\":\"WebSite\",\"@id\":\"https:\\\/\\\/twistislamophobia.org\\\/#website\",\"url\":\"https:\\\/\\\/twistislamophobia.org\\\/\",\"name\":\"Twist Islamophobia\",\"description\":\"porque las diferencias suman\",\"potentialAction\":[{\"@type\":\"SearchAction\",\"target\":{\"@type\":\"EntryPoint\",\"urlTemplate\":\"https:\\\/\\\/twistislamophobia.org\\\/?s={search_term_string}\"},\"query-input\":{\"@type\":\"PropertyValueSpecification\",\"valueRequired\":true,\"valueName\":\"search_term_string\"}}],\"inLanguage\":\"en-US\"},{\"@type\":\"Person\",\"@id\":\"https:\\\/\\\/twistislamophobia.org\\\/#\\\/schema\\\/person\\\/ad747f2d69cf56db855e7341a1478d0d\",\"name\":\"Fundaci\u00f3n de Cultura Isl\u00e1mica\",\"description\":\"La Fundaci\u00f3n de Cultura Isl\u00e1mica promueve el di\u00e1logo intercultural y la educaci\u00f3n para el desarrollo de forma independiente, cient\u00edfica y rigurosa, desde hace m\u00e1s de tres d\u00e9cadas.\",\"sameAs\":[\"http:\\\/\\\/www.funci.org\\\/\",\"Fundaciondeculturaislamica\"],\"url\":\"https:\\\/\\\/twistislamophobia.org\\\/en\\\/author\\\/funci\\\/\"}]}<\/script>\n<!-- \/ Yoast SEO plugin. -->","yoast_head_json":{"title":"New addition for the Twistislamophobia network - Twist Islamophobia","robots":{"index":"index","follow":"follow","max-snippet":"max-snippet:-1","max-image-preview":"max-image-preview:large","max-video-preview":"max-video-preview:-1"},"canonical":"https:\/\/twistislamophobia.org\/en\/2016\/04\/29\/2018\/","og_locale":"en_US","og_type":"article","og_title":"New addition for the Twistislamophobia network - Twist Islamophobia","og_description":"With the purpose of celebrating the inclusion of the No Hate Speech Movement in our collaborators\u2019 network, we present you this video that explains what hate speech is and how we can fight it. Through this agreement, the No Hate Speech Movement becomes part of our collaboration platform, through which we try to encourage the exchange of information among the associations active in the fight against islamophobia and the organization of joint actions. What is hate speech? According to the European Council, hate speech \u201ccomprises all forms of expression that promote, encourage, spread or justify racial hatred, xenophobia, antisemitism, or any other kind of hate based in ethnocentrism, discrimination, and hostility against minorities, immigrants or people of migrant background\u201d. Sadly, this type of speech is very hard to control and, often enough, finds its way in the media, the internet, and even the political field. Internet and anonymity have contributed considerably to the rise of hate speech in the last years. This increase makes it more necessary than ever to face this type of discrimination. In order to do so, the No Hate Speech Movement was conceived as a youth project launched by the EU\u2019s European Council with the aim ...","og_url":"https:\/\/twistislamophobia.org\/en\/2016\/04\/29\/2018\/","og_site_name":"Twist Islamophobia","article_author":"Fundaciondeculturaislamica","article_published_time":"2016-04-29T09:21:47+00:00","article_modified_time":"2017-03-13T12:40:24+00:00","og_image":[{"width":800,"height":338,"url":"https:\/\/twistislamophobia.org\/wp-content\/uploads\/2016\/04\/no-hate-speech.jpg","type":"image\/jpeg"}],"author":"Fundaci\u00f3n de Cultura Isl\u00e1mica","twitter_card":"summary_large_image","twitter_misc":{"Written by":"Fundaci\u00f3n de Cultura Isl\u00e1mica","Est. reading time":"1 minute"},"schema":{"@context":"https:\/\/schema.org","@graph":[{"@type":"Article","@id":"https:\/\/twistislamophobia.org\/en\/2016\/04\/29\/2018\/#article","isPartOf":{"@id":"https:\/\/twistislamophobia.org\/en\/2016\/04\/29\/2018\/"},"author":{"name":"Fundaci\u00f3n de Cultura Isl\u00e1mica","@id":"https:\/\/twistislamophobia.org\/#\/schema\/person\/ad747f2d69cf56db855e7341a1478d0d"},"headline":"New addition for the Twistislamophobia network","datePublished":"2016-04-29T09:21:47+00:00","dateModified":"2017-03-13T12:40:24+00:00","mainEntityOfPage":{"@id":"https:\/\/twistislamophobia.org\/en\/2016\/04\/29\/2018\/"},"wordCount":244,"commentCount":0,"image":{"@id":"https:\/\/twistislamophobia.org\/en\/2016\/04\/29\/2018\/#primaryimage"},"thumbnailUrl":"https:\/\/twistislamophobia.org\/wp-content\/uploads\/2016\/04\/no-hate-speech.jpg","articleSection":["Activities","Share"],"inLanguage":"en-US","potentialAction":[{"@type":"CommentAction","name":"Comment","target":["https:\/\/twistislamophobia.org\/en\/2016\/04\/29\/2018\/#respond"]}]},{"@type":"WebPage","@id":"https:\/\/twistislamophobia.org\/en\/2016\/04\/29\/2018\/","url":"https:\/\/twistislamophobia.org\/en\/2016\/04\/29\/2018\/","name":"New addition for the Twistislamophobia network - Twist Islamophobia","isPartOf":{"@id":"https:\/\/twistislamophobia.org\/#website"},"primaryImageOfPage":{"@id":"https:\/\/twistislamophobia.org\/en\/2016\/04\/29\/2018\/#primaryimage"},"image":{"@id":"https:\/\/twistislamophobia.org\/en\/2016\/04\/29\/2018\/#primaryimage"},"thumbnailUrl":"https:\/\/twistislamophobia.org\/wp-content\/uploads\/2016\/04\/no-hate-speech.jpg","datePublished":"2016-04-29T09:21:47+00:00","dateModified":"2017-03-13T12:40:24+00:00","author":{"@id":"https:\/\/twistislamophobia.org\/#\/schema\/person\/ad747f2d69cf56db855e7341a1478d0d"},"breadcrumb":{"@id":"https:\/\/twistislamophobia.org\/en\/2016\/04\/29\/2018\/#breadcrumb"},"inLanguage":"en-US","potentialAction":[{"@type":"ReadAction","target":["https:\/\/twistislamophobia.org\/en\/2016\/04\/29\/2018\/"]}]},{"@type":"ImageObject","inLanguage":"en-US","@id":"https:\/\/twistislamophobia.org\/en\/2016\/04\/29\/2018\/#primaryimage","url":"https:\/\/twistislamophobia.org\/wp-content\/uploads\/2016\/04\/no-hate-speech.jpg","contentUrl":"https:\/\/twistislamophobia.org\/wp-content\/uploads\/2016\/04\/no-hate-speech.jpg","width":800,"height":338},{"@type":"BreadcrumbList","@id":"https:\/\/twistislamophobia.org\/en\/2016\/04\/29\/2018\/#breadcrumb","itemListElement":[{"@type":"ListItem","position":1,"name":"Portada","item":"https:\/\/twistislamophobia.org\/"},{"@type":"ListItem","position":2,"name":"New addition for the Twistislamophobia network"}]},{"@type":"WebSite","@id":"https:\/\/twistislamophobia.org\/#website","url":"https:\/\/twistislamophobia.org\/","name":"Twist Islamophobia","description":"porque las diferencias suman","potentialAction":[{"@type":"SearchAction","target":{"@type":"EntryPoint","urlTemplate":"https:\/\/twistislamophobia.org\/?s={search_term_string}"},"query-input":{"@type":"PropertyValueSpecification","valueRequired":true,"valueName":"search_term_string"}}],"inLanguage":"en-US"},{"@type":"Person","@id":"https:\/\/twistislamophobia.org\/#\/schema\/person\/ad747f2d69cf56db855e7341a1478d0d","name":"Fundaci\u00f3n de Cultura Isl\u00e1mica","description":"La Fundaci\u00f3n de Cultura Isl\u00e1mica promueve el di\u00e1logo intercultural y la educaci\u00f3n para el desarrollo de forma independiente, cient\u00edfica y rigurosa, desde hace m\u00e1s de tres d\u00e9cadas.","sameAs":["http:\/\/www.funci.org\/","Fundaciondeculturaislamica"],"url":"https:\/\/twistislamophobia.org\/en\/author\/funci\/"}]}},"_links":{"self":[{"href":"https:\/\/twistislamophobia.org\/en\/wp-json\/wp\/v2\/posts\/2018","targetHints":{"allow":["GET"]}}],"collection":[{"href":"https:\/\/twistislamophobia.org\/en\/wp-json\/wp\/v2\/posts"}],"about":[{"href":"https:\/\/twistislamophobia.org\/en\/wp-json\/wp\/v2\/types\/post"}],"author":[{"embeddable":true,"href":"https:\/\/twistislamophobia.org\/en\/wp-json\/wp\/v2\/users\/2"}],"replies":[{"embeddable":true,"href":"https:\/\/twistislamophobia.org\/en\/wp-json\/wp\/v2\/comments?post=2018"}],"version-history":[{"count":4,"href":"https:\/\/twistislamophobia.org\/en\/wp-json\/wp\/v2\/posts\/2018\/revisions"}],"predecessor-version":[{"id":2022,"href":"https:\/\/twistislamophobia.org\/en\/wp-json\/wp\/v2\/posts\/2018\/revisions\/2022"}],"wp:featuredmedia":[{"embeddable":true,"href":"https:\/\/twistislamophobia.org\/en\/wp-json\/wp\/v2\/media\/2016"}],"wp:attachment":[{"href":"https:\/\/twistislamophobia.org\/en\/wp-json\/wp\/v2\/media?parent=2018"}],"wp:term":[{"taxonomy":"category","embeddable":true,"href":"https:\/\/twistislamophobia.org\/en\/wp-json\/wp\/v2\/categories?post=2018"},{"taxonomy":"post_tag","embeddable":true,"href":"https:\/\/twistislamophobia.org\/en\/wp-json\/wp\/v2\/tags?post=2018"}],"curies":[{"name":"wp","href":"https:\/\/api.w.org\/{rel}","templated":true}]}}