{"id":1920,"date":"2016-04-17T10:14:17","date_gmt":"2016-04-17T10:14:17","guid":{"rendered":"http:\/\/twistislamophobia.org\/en\/?p=1920"},"modified":"2017-03-13T12:40:25","modified_gmt":"2017-03-13T12:40:25","slug":"stereotypes-and-racism","status":"publish","type":"post","link":"https:\/\/twistislamophobia.org\/en\/2016\/04\/17\/stereotypes-and-racism\/","title":{"rendered":"Stereotypes and racism"},"content":{"rendered":"<p>Is Islamophobia real? Is hatred toward Arabic and Muslim people the &#8220;new racism?&#8221; Ryan Hall asks people on the streets of New York what they think about this growing trend.<\/p>\n","protected":false},"excerpt":{"rendered":"<p>Is Islamophobia real? Is hatred toward Arabic and Muslim people the &#8220;new racism?&#8221; Ryan Hall asks people on the streets of New York what they think about this growing trend.<\/p>\n","protected":false},"author":2,"featured_media":1261,"comment_status":"open","ping_status":"open","sticky":false,"template":"","format":"standard","meta":{"footnotes":""},"categories":[114],"tags":[],"class_list":["post-1920","post","type-post","status-publish","format-standard","has-post-thumbnail","hentry","category-multimedia-en"],"yoast_head":"<!-- This site is optimized with the Yoast SEO plugin v27.4 - https:\/\/yoast.com\/product\/yoast-seo-wordpress\/ -->\n<title>Stereotypes and racism - Twist Islamophobia<\/title>\n<meta name=\"robots\" content=\"index, follow, max-snippet:-1, max-image-preview:large, max-video-preview:-1\" \/>\n<link rel=\"canonical\" href=\"https:\/\/twistislamophobia.org\/en\/2016\/04\/17\/stereotypes-and-racism\/\" \/>\n<meta property=\"og:locale\" content=\"en_US\" \/>\n<meta property=\"og:type\" content=\"article\" \/>\n<meta property=\"og:title\" content=\"Stereotypes and racism - Twist Islamophobia\" \/>\n<meta property=\"og:description\" content=\"Is Islamophobia real? Is hatred toward Arabic and Muslim people the &#8220;new racism?&#8221; Ryan Hall asks people on the streets of New York what they think about this growing trend.\" \/>\n<meta property=\"og:url\" content=\"https:\/\/twistislamophobia.org\/en\/2016\/04\/17\/stereotypes-and-racism\/\" \/>\n<meta property=\"og:site_name\" content=\"Twist Islamophobia\" \/>\n<meta property=\"article:author\" content=\"Fundaciondeculturaislamica\" \/>\n<meta property=\"article:published_time\" content=\"2016-04-17T10:14:17+00:00\" \/>\n<meta property=\"article:modified_time\" content=\"2017-03-13T12:40:25+00:00\" \/>\n<meta property=\"og:image\" content=\"https:\/\/twistislamophobia.org\/wp-content\/uploads\/2016\/01\/promuslim1.jpg\" \/>\n\t<meta property=\"og:image:width\" content=\"1600\" \/>\n\t<meta property=\"og:image:height\" content=\"1067\" \/>\n\t<meta property=\"og:image:type\" content=\"image\/jpeg\" \/>\n<meta name=\"author\" content=\"Fundaci\u00f3n de Cultura Isl\u00e1mica\" \/>\n<meta name=\"twitter:card\" content=\"summary_large_image\" \/>\n<meta name=\"twitter:label1\" content=\"Written by\" \/>\n\t<meta name=\"twitter:data1\" content=\"Fundaci\u00f3n de Cultura Isl\u00e1mica\" \/>\n<script type=\"application\/ld+json\" class=\"yoast-schema-graph\">{\"@context\":\"https:\\\/\\\/schema.org\",\"@graph\":[{\"@type\":\"Article\",\"@id\":\"https:\\\/\\\/twistislamophobia.org\\\/en\\\/2016\\\/04\\\/17\\\/stereotypes-and-racism\\\/#article\",\"isPartOf\":{\"@id\":\"https:\\\/\\\/twistislamophobia.org\\\/en\\\/2016\\\/04\\\/17\\\/stereotypes-and-racism\\\/\"},\"author\":{\"name\":\"Fundaci\u00f3n de Cultura Isl\u00e1mica\",\"@id\":\"https:\\\/\\\/twistislamophobia.org\\\/#\\\/schema\\\/person\\\/ad747f2d69cf56db855e7341a1478d0d\"},\"headline\":\"Stereotypes and racism\",\"datePublished\":\"2016-04-17T10:14:17+00:00\",\"dateModified\":\"2017-03-13T12:40:25+00:00\",\"mainEntityOfPage\":{\"@id\":\"https:\\\/\\\/twistislamophobia.org\\\/en\\\/2016\\\/04\\\/17\\\/stereotypes-and-racism\\\/\"},\"wordCount\":33,\"commentCount\":0,\"image\":{\"@id\":\"https:\\\/\\\/twistislamophobia.org\\\/en\\\/2016\\\/04\\\/17\\\/stereotypes-and-racism\\\/#primaryimage\"},\"thumbnailUrl\":\"https:\\\/\\\/twistislamophobia.org\\\/wp-content\\\/uploads\\\/2016\\\/01\\\/promuslim1.jpg\",\"articleSection\":[\"Multimedia\"],\"inLanguage\":\"en-US\",\"potentialAction\":[{\"@type\":\"CommentAction\",\"name\":\"Comment\",\"target\":[\"https:\\\/\\\/twistislamophobia.org\\\/en\\\/2016\\\/04\\\/17\\\/stereotypes-and-racism\\\/#respond\"]}]},{\"@type\":\"WebPage\",\"@id\":\"https:\\\/\\\/twistislamophobia.org\\\/en\\\/2016\\\/04\\\/17\\\/stereotypes-and-racism\\\/\",\"url\":\"https:\\\/\\\/twistislamophobia.org\\\/en\\\/2016\\\/04\\\/17\\\/stereotypes-and-racism\\\/\",\"name\":\"Stereotypes and racism - Twist Islamophobia\",\"isPartOf\":{\"@id\":\"https:\\\/\\\/twistislamophobia.org\\\/#website\"},\"primaryImageOfPage\":{\"@id\":\"https:\\\/\\\/twistislamophobia.org\\\/en\\\/2016\\\/04\\\/17\\\/stereotypes-and-racism\\\/#primaryimage\"},\"image\":{\"@id\":\"https:\\\/\\\/twistislamophobia.org\\\/en\\\/2016\\\/04\\\/17\\\/stereotypes-and-racism\\\/#primaryimage\"},\"thumbnailUrl\":\"https:\\\/\\\/twistislamophobia.org\\\/wp-content\\\/uploads\\\/2016\\\/01\\\/promuslim1.jpg\",\"datePublished\":\"2016-04-17T10:14:17+00:00\",\"dateModified\":\"2017-03-13T12:40:25+00:00\",\"author\":{\"@id\":\"https:\\\/\\\/twistislamophobia.org\\\/#\\\/schema\\\/person\\\/ad747f2d69cf56db855e7341a1478d0d\"},\"breadcrumb\":{\"@id\":\"https:\\\/\\\/twistislamophobia.org\\\/en\\\/2016\\\/04\\\/17\\\/stereotypes-and-racism\\\/#breadcrumb\"},\"inLanguage\":\"en-US\",\"potentialAction\":[{\"@type\":\"ReadAction\",\"target\":[\"https:\\\/\\\/twistislamophobia.org\\\/en\\\/2016\\\/04\\\/17\\\/stereotypes-and-racism\\\/\"]}]},{\"@type\":\"ImageObject\",\"inLanguage\":\"en-US\",\"@id\":\"https:\\\/\\\/twistislamophobia.org\\\/en\\\/2016\\\/04\\\/17\\\/stereotypes-and-racism\\\/#primaryimage\",\"url\":\"https:\\\/\\\/twistislamophobia.org\\\/wp-content\\\/uploads\\\/2016\\\/01\\\/promuslim1.jpg\",\"contentUrl\":\"https:\\\/\\\/twistislamophobia.org\\\/wp-content\\\/uploads\\\/2016\\\/01\\\/promuslim1.jpg\",\"width\":1600,\"height\":1067},{\"@type\":\"BreadcrumbList\",\"@id\":\"https:\\\/\\\/twistislamophobia.org\\\/en\\\/2016\\\/04\\\/17\\\/stereotypes-and-racism\\\/#breadcrumb\",\"itemListElement\":[{\"@type\":\"ListItem\",\"position\":1,\"name\":\"Portada\",\"item\":\"https:\\\/\\\/twistislamophobia.org\\\/\"},{\"@type\":\"ListItem\",\"position\":2,\"name\":\"Stereotypes and racism\"}]},{\"@type\":\"WebSite\",\"@id\":\"https:\\\/\\\/twistislamophobia.org\\\/#website\",\"url\":\"https:\\\/\\\/twistislamophobia.org\\\/\",\"name\":\"Twist Islamophobia\",\"description\":\"porque las diferencias suman\",\"potentialAction\":[{\"@type\":\"SearchAction\",\"target\":{\"@type\":\"EntryPoint\",\"urlTemplate\":\"https:\\\/\\\/twistislamophobia.org\\\/?s={search_term_string}\"},\"query-input\":{\"@type\":\"PropertyValueSpecification\",\"valueRequired\":true,\"valueName\":\"search_term_string\"}}],\"inLanguage\":\"en-US\"},{\"@type\":\"Person\",\"@id\":\"https:\\\/\\\/twistislamophobia.org\\\/#\\\/schema\\\/person\\\/ad747f2d69cf56db855e7341a1478d0d\",\"name\":\"Fundaci\u00f3n de Cultura Isl\u00e1mica\",\"description\":\"La Fundaci\u00f3n de Cultura Isl\u00e1mica promueve el di\u00e1logo intercultural y la educaci\u00f3n para el desarrollo de forma independiente, cient\u00edfica y rigurosa, desde hace m\u00e1s de tres d\u00e9cadas.\",\"sameAs\":[\"http:\\\/\\\/www.funci.org\\\/\",\"Fundaciondeculturaislamica\"],\"url\":\"https:\\\/\\\/twistislamophobia.org\\\/en\\\/author\\\/funci\\\/\"}]}<\/script>\n<!-- \/ Yoast SEO plugin. -->","yoast_head_json":{"title":"Stereotypes and racism - Twist Islamophobia","robots":{"index":"index","follow":"follow","max-snippet":"max-snippet:-1","max-image-preview":"max-image-preview:large","max-video-preview":"max-video-preview:-1"},"canonical":"https:\/\/twistislamophobia.org\/en\/2016\/04\/17\/stereotypes-and-racism\/","og_locale":"en_US","og_type":"article","og_title":"Stereotypes and racism - Twist Islamophobia","og_description":"Is Islamophobia real? Is hatred toward Arabic and Muslim people the &#8220;new racism?&#8221; Ryan Hall asks people on the streets of New York what they think about this growing trend.","og_url":"https:\/\/twistislamophobia.org\/en\/2016\/04\/17\/stereotypes-and-racism\/","og_site_name":"Twist Islamophobia","article_author":"Fundaciondeculturaislamica","article_published_time":"2016-04-17T10:14:17+00:00","article_modified_time":"2017-03-13T12:40:25+00:00","og_image":[{"width":1600,"height":1067,"url":"https:\/\/twistislamophobia.org\/wp-content\/uploads\/2016\/01\/promuslim1.jpg","type":"image\/jpeg"}],"author":"Fundaci\u00f3n de Cultura Isl\u00e1mica","twitter_card":"summary_large_image","twitter_misc":{"Written by":"Fundaci\u00f3n de Cultura Isl\u00e1mica"},"schema":{"@context":"https:\/\/schema.org","@graph":[{"@type":"Article","@id":"https:\/\/twistislamophobia.org\/en\/2016\/04\/17\/stereotypes-and-racism\/#article","isPartOf":{"@id":"https:\/\/twistislamophobia.org\/en\/2016\/04\/17\/stereotypes-and-racism\/"},"author":{"name":"Fundaci\u00f3n de Cultura Isl\u00e1mica","@id":"https:\/\/twistislamophobia.org\/#\/schema\/person\/ad747f2d69cf56db855e7341a1478d0d"},"headline":"Stereotypes and racism","datePublished":"2016-04-17T10:14:17+00:00","dateModified":"2017-03-13T12:40:25+00:00","mainEntityOfPage":{"@id":"https:\/\/twistislamophobia.org\/en\/2016\/04\/17\/stereotypes-and-racism\/"},"wordCount":33,"commentCount":0,"image":{"@id":"https:\/\/twistislamophobia.org\/en\/2016\/04\/17\/stereotypes-and-racism\/#primaryimage"},"thumbnailUrl":"https:\/\/twistislamophobia.org\/wp-content\/uploads\/2016\/01\/promuslim1.jpg","articleSection":["Multimedia"],"inLanguage":"en-US","potentialAction":[{"@type":"CommentAction","name":"Comment","target":["https:\/\/twistislamophobia.org\/en\/2016\/04\/17\/stereotypes-and-racism\/#respond"]}]},{"@type":"WebPage","@id":"https:\/\/twistislamophobia.org\/en\/2016\/04\/17\/stereotypes-and-racism\/","url":"https:\/\/twistislamophobia.org\/en\/2016\/04\/17\/stereotypes-and-racism\/","name":"Stereotypes and racism - Twist Islamophobia","isPartOf":{"@id":"https:\/\/twistislamophobia.org\/#website"},"primaryImageOfPage":{"@id":"https:\/\/twistislamophobia.org\/en\/2016\/04\/17\/stereotypes-and-racism\/#primaryimage"},"image":{"@id":"https:\/\/twistislamophobia.org\/en\/2016\/04\/17\/stereotypes-and-racism\/#primaryimage"},"thumbnailUrl":"https:\/\/twistislamophobia.org\/wp-content\/uploads\/2016\/01\/promuslim1.jpg","datePublished":"2016-04-17T10:14:17+00:00","dateModified":"2017-03-13T12:40:25+00:00","author":{"@id":"https:\/\/twistislamophobia.org\/#\/schema\/person\/ad747f2d69cf56db855e7341a1478d0d"},"breadcrumb":{"@id":"https:\/\/twistislamophobia.org\/en\/2016\/04\/17\/stereotypes-and-racism\/#breadcrumb"},"inLanguage":"en-US","potentialAction":[{"@type":"ReadAction","target":["https:\/\/twistislamophobia.org\/en\/2016\/04\/17\/stereotypes-and-racism\/"]}]},{"@type":"ImageObject","inLanguage":"en-US","@id":"https:\/\/twistislamophobia.org\/en\/2016\/04\/17\/stereotypes-and-racism\/#primaryimage","url":"https:\/\/twistislamophobia.org\/wp-content\/uploads\/2016\/01\/promuslim1.jpg","contentUrl":"https:\/\/twistislamophobia.org\/wp-content\/uploads\/2016\/01\/promuslim1.jpg","width":1600,"height":1067},{"@type":"BreadcrumbList","@id":"https:\/\/twistislamophobia.org\/en\/2016\/04\/17\/stereotypes-and-racism\/#breadcrumb","itemListElement":[{"@type":"ListItem","position":1,"name":"Portada","item":"https:\/\/twistislamophobia.org\/"},{"@type":"ListItem","position":2,"name":"Stereotypes and racism"}]},{"@type":"WebSite","@id":"https:\/\/twistislamophobia.org\/#website","url":"https:\/\/twistislamophobia.org\/","name":"Twist Islamophobia","description":"porque las diferencias suman","potentialAction":[{"@type":"SearchAction","target":{"@type":"EntryPoint","urlTemplate":"https:\/\/twistislamophobia.org\/?s={search_term_string}"},"query-input":{"@type":"PropertyValueSpecification","valueRequired":true,"valueName":"search_term_string"}}],"inLanguage":"en-US"},{"@type":"Person","@id":"https:\/\/twistislamophobia.org\/#\/schema\/person\/ad747f2d69cf56db855e7341a1478d0d","name":"Fundaci\u00f3n de Cultura Isl\u00e1mica","description":"La Fundaci\u00f3n de Cultura Isl\u00e1mica promueve el di\u00e1logo intercultural y la educaci\u00f3n para el desarrollo de forma independiente, cient\u00edfica y rigurosa, desde hace m\u00e1s de tres d\u00e9cadas.","sameAs":["http:\/\/www.funci.org\/","Fundaciondeculturaislamica"],"url":"https:\/\/twistislamophobia.org\/en\/author\/funci\/"}]}},"_links":{"self":[{"href":"https:\/\/twistislamophobia.org\/en\/wp-json\/wp\/v2\/posts\/1920","targetHints":{"allow":["GET"]}}],"collection":[{"href":"https:\/\/twistislamophobia.org\/en\/wp-json\/wp\/v2\/posts"}],"about":[{"href":"https:\/\/twistislamophobia.org\/en\/wp-json\/wp\/v2\/types\/post"}],"author":[{"embeddable":true,"href":"https:\/\/twistislamophobia.org\/en\/wp-json\/wp\/v2\/users\/2"}],"replies":[{"embeddable":true,"href":"https:\/\/twistislamophobia.org\/en\/wp-json\/wp\/v2\/comments?post=1920"}],"version-history":[{"count":1,"href":"https:\/\/twistislamophobia.org\/en\/wp-json\/wp\/v2\/posts\/1920\/revisions"}],"predecessor-version":[{"id":1921,"href":"https:\/\/twistislamophobia.org\/en\/wp-json\/wp\/v2\/posts\/1920\/revisions\/1921"}],"wp:featuredmedia":[{"embeddable":true,"href":"https:\/\/twistislamophobia.org\/en\/wp-json\/wp\/v2\/media\/1261"}],"wp:attachment":[{"href":"https:\/\/twistislamophobia.org\/en\/wp-json\/wp\/v2\/media?parent=1920"}],"wp:term":[{"taxonomy":"category","embeddable":true,"href":"https:\/\/twistislamophobia.org\/en\/wp-json\/wp\/v2\/categories?post=1920"},{"taxonomy":"post_tag","embeddable":true,"href":"https:\/\/twistislamophobia.org\/en\/wp-json\/wp\/v2\/tags?post=1920"}],"curies":[{"name":"wp","href":"https:\/\/api.w.org\/{rel}","templated":true}]}}