{"id":1629,"date":"2016-03-04T19:45:53","date_gmt":"2016-03-04T19:45:53","guid":{"rendered":"http:\/\/twistislamophobia.org\/en\/?p=1629"},"modified":"2017-03-13T12:40:28","modified_gmt":"2017-03-13T12:40:28","slug":"artistas-por-la-libertad-de-movimiento","status":"publish","type":"post","link":"https:\/\/twistislamophobia.org\/en\/2016\/03\/04\/artistas-por-la-libertad-de-movimiento\/","title":{"rendered":"Artists por the freedom of movement"},"content":{"rendered":"<p><a class=\"post-gallery cboxElement\" href=\"http:\/\/twistislamophobia.org\/wp-content\/uploads\/2016\/03\/Siombiosis_kolectif.jpg\"><img loading=\"lazy\" decoding=\"async\" class=\"size-medium wp-image-1632 aligncenter\" src=\"http:\/\/twistislamophobia.org\/wp-content\/uploads\/2016\/03\/Siombiosis_kolectif-239x300.jpg\" alt=\"Siombiosis_kolectif\" width=\"239\" height=\"300\" srcset=\"https:\/\/twistislamophobia.org\/wp-content\/uploads\/2016\/03\/Siombiosis_kolectif-239x300.jpg 239w, https:\/\/twistislamophobia.org\/wp-content\/uploads\/2016\/03\/Siombiosis_kolectif.jpg 485w\" sizes=\"auto, (max-width: 239px) 100vw, 239px\" \/><\/a><\/p>\n<p>In that video, <a href=\"https:\/\/simbiosiskolective.wordpress.com\/2015\/03\/13\/festival-arte-por-la-dignidad\/\">Simbiosis Kolective<\/a> talks about the freedom of movement and dignity of humain being, obliged to escape from violence and war. <a href=\"https:\/\/simbiosiskolective.wordpress.com\/2015\/03\/13\/festival-arte-por-la-dignidad\/\">Simbiosis Kolective<\/a> is an artists collective founded on 2004 with the purpose of developing artistic projects to support Human Rights and freedom of movement for persons.<\/p>\n<p>It is formed by street artists, musicians, painters, actors, designers, photographers, translators&#8230; but, before all, activists. They are based in Barcelona, but have organized actions and projects in different countries.<\/p>\n","protected":false},"excerpt":{"rendered":"<p>In that video, Simbiosis Kolective talks about the freedom of movement and dignity of humain being, obliged to escape from violence and war. Simbiosis Kolective is an artists collective founded on 2004 with the purpose of developing artistic projects to support Human Rights and freedom of movement for persons. It is formed by street artists, musicians, painters, actors, designers, photographers, translators&#8230; but, before all, activists. They are based in Barcelona, but have organized actions and projects in different countries.<\/p>\n","protected":false},"author":2,"featured_media":1630,"comment_status":"open","ping_status":"open","sticky":false,"template":"","format":"standard","meta":{"footnotes":""},"categories":[114],"tags":[302],"class_list":["post-1629","post","type-post","status-publish","format-standard","has-post-thumbnail","hentry","category-multimedia-en","tag-libertad-de-movimiento"],"yoast_head":"<!-- This site is optimized with the Yoast SEO plugin v27.4 - https:\/\/yoast.com\/product\/yoast-seo-wordpress\/ -->\n<title>Artists por the freedom of movement - Twist Islamophobia<\/title>\n<meta name=\"robots\" content=\"index, follow, max-snippet:-1, max-image-preview:large, max-video-preview:-1\" \/>\n<link rel=\"canonical\" href=\"https:\/\/twistislamophobia.org\/en\/2016\/03\/04\/artistas-por-la-libertad-de-movimiento\/\" \/>\n<meta property=\"og:locale\" content=\"en_US\" \/>\n<meta property=\"og:type\" content=\"article\" \/>\n<meta property=\"og:title\" content=\"Artists por the freedom of movement - Twist Islamophobia\" \/>\n<meta property=\"og:description\" content=\"In that video, Simbiosis Kolective talks about the freedom of movement and dignity of humain being, obliged to escape from violence and war. Simbiosis Kolective is an artists collective founded on 2004 with the purpose of developing artistic projects to support Human Rights and freedom of movement for persons. It is formed by street artists, musicians, painters, actors, designers, photographers, translators&#8230; but, before all, activists. They are based in Barcelona, but have organized actions and projects in different countries.\" \/>\n<meta property=\"og:url\" content=\"https:\/\/twistislamophobia.org\/en\/2016\/03\/04\/artistas-por-la-libertad-de-movimiento\/\" \/>\n<meta property=\"og:site_name\" content=\"Twist Islamophobia\" \/>\n<meta property=\"article:author\" content=\"Fundaciondeculturaislamica\" \/>\n<meta property=\"article:published_time\" content=\"2016-03-04T19:45:53+00:00\" \/>\n<meta property=\"article:modified_time\" content=\"2017-03-13T12:40:28+00:00\" \/>\n<meta property=\"og:image\" content=\"https:\/\/twistislamophobia.org\/wp-content\/uploads\/2016\/03\/Immigration.jpg\" \/>\n\t<meta property=\"og:image:width\" content=\"1600\" \/>\n\t<meta property=\"og:image:height\" content=\"853\" \/>\n\t<meta property=\"og:image:type\" content=\"image\/jpeg\" \/>\n<meta name=\"author\" content=\"Fundaci\u00f3n de Cultura Isl\u00e1mica\" \/>\n<meta name=\"twitter:card\" content=\"summary_large_image\" \/>\n<meta name=\"twitter:label1\" content=\"Written by\" \/>\n\t<meta name=\"twitter:data1\" content=\"Fundaci\u00f3n de Cultura Isl\u00e1mica\" \/>\n<script type=\"application\/ld+json\" class=\"yoast-schema-graph\">{\"@context\":\"https:\\\/\\\/schema.org\",\"@graph\":[{\"@type\":\"Article\",\"@id\":\"https:\\\/\\\/twistislamophobia.org\\\/en\\\/2016\\\/03\\\/04\\\/artistas-por-la-libertad-de-movimiento\\\/#article\",\"isPartOf\":{\"@id\":\"https:\\\/\\\/twistislamophobia.org\\\/en\\\/2016\\\/03\\\/04\\\/artistas-por-la-libertad-de-movimiento\\\/\"},\"author\":{\"name\":\"Fundaci\u00f3n de Cultura Isl\u00e1mica\",\"@id\":\"https:\\\/\\\/twistislamophobia.org\\\/#\\\/schema\\\/person\\\/ad747f2d69cf56db855e7341a1478d0d\"},\"headline\":\"Artists por the freedom of movement\",\"datePublished\":\"2016-03-04T19:45:53+00:00\",\"dateModified\":\"2017-03-13T12:40:28+00:00\",\"mainEntityOfPage\":{\"@id\":\"https:\\\/\\\/twistislamophobia.org\\\/en\\\/2016\\\/03\\\/04\\\/artistas-por-la-libertad-de-movimiento\\\/\"},\"wordCount\":84,\"commentCount\":1,\"image\":{\"@id\":\"https:\\\/\\\/twistislamophobia.org\\\/en\\\/2016\\\/03\\\/04\\\/artistas-por-la-libertad-de-movimiento\\\/#primaryimage\"},\"thumbnailUrl\":\"https:\\\/\\\/twistislamophobia.org\\\/wp-content\\\/uploads\\\/2016\\\/03\\\/Immigration.jpg\",\"keywords\":[\"Libertad de movimiento\"],\"articleSection\":[\"Multimedia\"],\"inLanguage\":\"en-US\",\"potentialAction\":[{\"@type\":\"CommentAction\",\"name\":\"Comment\",\"target\":[\"https:\\\/\\\/twistislamophobia.org\\\/en\\\/2016\\\/03\\\/04\\\/artistas-por-la-libertad-de-movimiento\\\/#respond\"]}]},{\"@type\":\"WebPage\",\"@id\":\"https:\\\/\\\/twistislamophobia.org\\\/en\\\/2016\\\/03\\\/04\\\/artistas-por-la-libertad-de-movimiento\\\/\",\"url\":\"https:\\\/\\\/twistislamophobia.org\\\/en\\\/2016\\\/03\\\/04\\\/artistas-por-la-libertad-de-movimiento\\\/\",\"name\":\"Artists por the freedom of movement - Twist Islamophobia\",\"isPartOf\":{\"@id\":\"https:\\\/\\\/twistislamophobia.org\\\/#website\"},\"primaryImageOfPage\":{\"@id\":\"https:\\\/\\\/twistislamophobia.org\\\/en\\\/2016\\\/03\\\/04\\\/artistas-por-la-libertad-de-movimiento\\\/#primaryimage\"},\"image\":{\"@id\":\"https:\\\/\\\/twistislamophobia.org\\\/en\\\/2016\\\/03\\\/04\\\/artistas-por-la-libertad-de-movimiento\\\/#primaryimage\"},\"thumbnailUrl\":\"https:\\\/\\\/twistislamophobia.org\\\/wp-content\\\/uploads\\\/2016\\\/03\\\/Immigration.jpg\",\"datePublished\":\"2016-03-04T19:45:53+00:00\",\"dateModified\":\"2017-03-13T12:40:28+00:00\",\"author\":{\"@id\":\"https:\\\/\\\/twistislamophobia.org\\\/#\\\/schema\\\/person\\\/ad747f2d69cf56db855e7341a1478d0d\"},\"breadcrumb\":{\"@id\":\"https:\\\/\\\/twistislamophobia.org\\\/en\\\/2016\\\/03\\\/04\\\/artistas-por-la-libertad-de-movimiento\\\/#breadcrumb\"},\"inLanguage\":\"en-US\",\"potentialAction\":[{\"@type\":\"ReadAction\",\"target\":[\"https:\\\/\\\/twistislamophobia.org\\\/en\\\/2016\\\/03\\\/04\\\/artistas-por-la-libertad-de-movimiento\\\/\"]}]},{\"@type\":\"ImageObject\",\"inLanguage\":\"en-US\",\"@id\":\"https:\\\/\\\/twistislamophobia.org\\\/en\\\/2016\\\/03\\\/04\\\/artistas-por-la-libertad-de-movimiento\\\/#primaryimage\",\"url\":\"https:\\\/\\\/twistislamophobia.org\\\/wp-content\\\/uploads\\\/2016\\\/03\\\/Immigration.jpg\",\"contentUrl\":\"https:\\\/\\\/twistislamophobia.org\\\/wp-content\\\/uploads\\\/2016\\\/03\\\/Immigration.jpg\",\"width\":1600,\"height\":853},{\"@type\":\"BreadcrumbList\",\"@id\":\"https:\\\/\\\/twistislamophobia.org\\\/en\\\/2016\\\/03\\\/04\\\/artistas-por-la-libertad-de-movimiento\\\/#breadcrumb\",\"itemListElement\":[{\"@type\":\"ListItem\",\"position\":1,\"name\":\"Portada\",\"item\":\"https:\\\/\\\/twistislamophobia.org\\\/\"},{\"@type\":\"ListItem\",\"position\":2,\"name\":\"Artists por the freedom of movement\"}]},{\"@type\":\"WebSite\",\"@id\":\"https:\\\/\\\/twistislamophobia.org\\\/#website\",\"url\":\"https:\\\/\\\/twistislamophobia.org\\\/\",\"name\":\"Twist Islamophobia\",\"description\":\"porque las diferencias suman\",\"potentialAction\":[{\"@type\":\"SearchAction\",\"target\":{\"@type\":\"EntryPoint\",\"urlTemplate\":\"https:\\\/\\\/twistislamophobia.org\\\/?s={search_term_string}\"},\"query-input\":{\"@type\":\"PropertyValueSpecification\",\"valueRequired\":true,\"valueName\":\"search_term_string\"}}],\"inLanguage\":\"en-US\"},{\"@type\":\"Person\",\"@id\":\"https:\\\/\\\/twistislamophobia.org\\\/#\\\/schema\\\/person\\\/ad747f2d69cf56db855e7341a1478d0d\",\"name\":\"Fundaci\u00f3n de Cultura Isl\u00e1mica\",\"description\":\"La Fundaci\u00f3n de Cultura Isl\u00e1mica promueve el di\u00e1logo intercultural y la educaci\u00f3n para el desarrollo de forma independiente, cient\u00edfica y rigurosa, desde hace m\u00e1s de tres d\u00e9cadas.\",\"sameAs\":[\"http:\\\/\\\/www.funci.org\\\/\",\"Fundaciondeculturaislamica\"],\"url\":\"https:\\\/\\\/twistislamophobia.org\\\/en\\\/author\\\/funci\\\/\"}]}<\/script>\n<!-- \/ Yoast SEO plugin. -->","yoast_head_json":{"title":"Artists por the freedom of movement - Twist Islamophobia","robots":{"index":"index","follow":"follow","max-snippet":"max-snippet:-1","max-image-preview":"max-image-preview:large","max-video-preview":"max-video-preview:-1"},"canonical":"https:\/\/twistislamophobia.org\/en\/2016\/03\/04\/artistas-por-la-libertad-de-movimiento\/","og_locale":"en_US","og_type":"article","og_title":"Artists por the freedom of movement - Twist Islamophobia","og_description":"In that video, Simbiosis Kolective talks about the freedom of movement and dignity of humain being, obliged to escape from violence and war. Simbiosis Kolective is an artists collective founded on 2004 with the purpose of developing artistic projects to support Human Rights and freedom of movement for persons. It is formed by street artists, musicians, painters, actors, designers, photographers, translators&#8230; but, before all, activists. They are based in Barcelona, but have organized actions and projects in different countries.","og_url":"https:\/\/twistislamophobia.org\/en\/2016\/03\/04\/artistas-por-la-libertad-de-movimiento\/","og_site_name":"Twist Islamophobia","article_author":"Fundaciondeculturaislamica","article_published_time":"2016-03-04T19:45:53+00:00","article_modified_time":"2017-03-13T12:40:28+00:00","og_image":[{"width":1600,"height":853,"url":"https:\/\/twistislamophobia.org\/wp-content\/uploads\/2016\/03\/Immigration.jpg","type":"image\/jpeg"}],"author":"Fundaci\u00f3n de Cultura Isl\u00e1mica","twitter_card":"summary_large_image","twitter_misc":{"Written by":"Fundaci\u00f3n de Cultura Isl\u00e1mica"},"schema":{"@context":"https:\/\/schema.org","@graph":[{"@type":"Article","@id":"https:\/\/twistislamophobia.org\/en\/2016\/03\/04\/artistas-por-la-libertad-de-movimiento\/#article","isPartOf":{"@id":"https:\/\/twistislamophobia.org\/en\/2016\/03\/04\/artistas-por-la-libertad-de-movimiento\/"},"author":{"name":"Fundaci\u00f3n de Cultura Isl\u00e1mica","@id":"https:\/\/twistislamophobia.org\/#\/schema\/person\/ad747f2d69cf56db855e7341a1478d0d"},"headline":"Artists por the freedom of movement","datePublished":"2016-03-04T19:45:53+00:00","dateModified":"2017-03-13T12:40:28+00:00","mainEntityOfPage":{"@id":"https:\/\/twistislamophobia.org\/en\/2016\/03\/04\/artistas-por-la-libertad-de-movimiento\/"},"wordCount":84,"commentCount":1,"image":{"@id":"https:\/\/twistislamophobia.org\/en\/2016\/03\/04\/artistas-por-la-libertad-de-movimiento\/#primaryimage"},"thumbnailUrl":"https:\/\/twistislamophobia.org\/wp-content\/uploads\/2016\/03\/Immigration.jpg","keywords":["Libertad de movimiento"],"articleSection":["Multimedia"],"inLanguage":"en-US","potentialAction":[{"@type":"CommentAction","name":"Comment","target":["https:\/\/twistislamophobia.org\/en\/2016\/03\/04\/artistas-por-la-libertad-de-movimiento\/#respond"]}]},{"@type":"WebPage","@id":"https:\/\/twistislamophobia.org\/en\/2016\/03\/04\/artistas-por-la-libertad-de-movimiento\/","url":"https:\/\/twistislamophobia.org\/en\/2016\/03\/04\/artistas-por-la-libertad-de-movimiento\/","name":"Artists por the freedom of movement - Twist Islamophobia","isPartOf":{"@id":"https:\/\/twistislamophobia.org\/#website"},"primaryImageOfPage":{"@id":"https:\/\/twistislamophobia.org\/en\/2016\/03\/04\/artistas-por-la-libertad-de-movimiento\/#primaryimage"},"image":{"@id":"https:\/\/twistislamophobia.org\/en\/2016\/03\/04\/artistas-por-la-libertad-de-movimiento\/#primaryimage"},"thumbnailUrl":"https:\/\/twistislamophobia.org\/wp-content\/uploads\/2016\/03\/Immigration.jpg","datePublished":"2016-03-04T19:45:53+00:00","dateModified":"2017-03-13T12:40:28+00:00","author":{"@id":"https:\/\/twistislamophobia.org\/#\/schema\/person\/ad747f2d69cf56db855e7341a1478d0d"},"breadcrumb":{"@id":"https:\/\/twistislamophobia.org\/en\/2016\/03\/04\/artistas-por-la-libertad-de-movimiento\/#breadcrumb"},"inLanguage":"en-US","potentialAction":[{"@type":"ReadAction","target":["https:\/\/twistislamophobia.org\/en\/2016\/03\/04\/artistas-por-la-libertad-de-movimiento\/"]}]},{"@type":"ImageObject","inLanguage":"en-US","@id":"https:\/\/twistislamophobia.org\/en\/2016\/03\/04\/artistas-por-la-libertad-de-movimiento\/#primaryimage","url":"https:\/\/twistislamophobia.org\/wp-content\/uploads\/2016\/03\/Immigration.jpg","contentUrl":"https:\/\/twistislamophobia.org\/wp-content\/uploads\/2016\/03\/Immigration.jpg","width":1600,"height":853},{"@type":"BreadcrumbList","@id":"https:\/\/twistislamophobia.org\/en\/2016\/03\/04\/artistas-por-la-libertad-de-movimiento\/#breadcrumb","itemListElement":[{"@type":"ListItem","position":1,"name":"Portada","item":"https:\/\/twistislamophobia.org\/"},{"@type":"ListItem","position":2,"name":"Artists por the freedom of movement"}]},{"@type":"WebSite","@id":"https:\/\/twistislamophobia.org\/#website","url":"https:\/\/twistislamophobia.org\/","name":"Twist Islamophobia","description":"porque las diferencias suman","potentialAction":[{"@type":"SearchAction","target":{"@type":"EntryPoint","urlTemplate":"https:\/\/twistislamophobia.org\/?s={search_term_string}"},"query-input":{"@type":"PropertyValueSpecification","valueRequired":true,"valueName":"search_term_string"}}],"inLanguage":"en-US"},{"@type":"Person","@id":"https:\/\/twistislamophobia.org\/#\/schema\/person\/ad747f2d69cf56db855e7341a1478d0d","name":"Fundaci\u00f3n de Cultura Isl\u00e1mica","description":"La Fundaci\u00f3n de Cultura Isl\u00e1mica promueve el di\u00e1logo intercultural y la educaci\u00f3n para el desarrollo de forma independiente, cient\u00edfica y rigurosa, desde hace m\u00e1s de tres d\u00e9cadas.","sameAs":["http:\/\/www.funci.org\/","Fundaciondeculturaislamica"],"url":"https:\/\/twistislamophobia.org\/en\/author\/funci\/"}]}},"_links":{"self":[{"href":"https:\/\/twistislamophobia.org\/en\/wp-json\/wp\/v2\/posts\/1629","targetHints":{"allow":["GET"]}}],"collection":[{"href":"https:\/\/twistislamophobia.org\/en\/wp-json\/wp\/v2\/posts"}],"about":[{"href":"https:\/\/twistislamophobia.org\/en\/wp-json\/wp\/v2\/types\/post"}],"author":[{"embeddable":true,"href":"https:\/\/twistislamophobia.org\/en\/wp-json\/wp\/v2\/users\/2"}],"replies":[{"embeddable":true,"href":"https:\/\/twistislamophobia.org\/en\/wp-json\/wp\/v2\/comments?post=1629"}],"version-history":[{"count":4,"href":"https:\/\/twistislamophobia.org\/en\/wp-json\/wp\/v2\/posts\/1629\/revisions"}],"predecessor-version":[{"id":1666,"href":"https:\/\/twistislamophobia.org\/en\/wp-json\/wp\/v2\/posts\/1629\/revisions\/1666"}],"wp:featuredmedia":[{"embeddable":true,"href":"https:\/\/twistislamophobia.org\/en\/wp-json\/wp\/v2\/media\/1630"}],"wp:attachment":[{"href":"https:\/\/twistislamophobia.org\/en\/wp-json\/wp\/v2\/media?parent=1629"}],"wp:term":[{"taxonomy":"category","embeddable":true,"href":"https:\/\/twistislamophobia.org\/en\/wp-json\/wp\/v2\/categories?post=1629"},{"taxonomy":"post_tag","embeddable":true,"href":"https:\/\/twistislamophobia.org\/en\/wp-json\/wp\/v2\/tags?post=1629"}],"curies":[{"name":"wp","href":"https:\/\/api.w.org\/{rel}","templated":true}]}}