{"id":1600,"date":"2016-02-27T10:31:33","date_gmt":"2016-02-27T10:31:33","guid":{"rendered":"http:\/\/twistislamophobia.org\/en\/?p=1600"},"modified":"2017-03-13T12:40:29","modified_gmt":"2017-03-13T12:40:29","slug":"veterans-from-usa-against-islamophobia","status":"publish","type":"post","link":"https:\/\/twistislamophobia.org\/en\/2016\/02\/27\/veterans-from-usa-against-islamophobia\/","title":{"rendered":"Veterans from USA against Islamophobia"},"content":{"rendered":"<p><a class=\"post-gallery cboxElement\" href=\"http:\/\/twistislamophobia.org\/wp-content\/uploads\/2016\/02\/US_Veterans_Campaign_Against_Islamophobia.jpg\"><img loading=\"lazy\" decoding=\"async\" class=\"size-medium wp-image-1601 aligncenter\" src=\"http:\/\/twistislamophobia.org\/wp-content\/uploads\/2016\/02\/US_Veterans_Campaign_Against_Islamophobia-300x221.jpg\" alt=\"US_Veterans_Campaign_Against_Islamophobia\" width=\"300\" height=\"221\" srcset=\"https:\/\/twistislamophobia.org\/wp-content\/uploads\/2016\/02\/US_Veterans_Campaign_Against_Islamophobia-300x221.jpg 300w, https:\/\/twistislamophobia.org\/wp-content\/uploads\/2016\/02\/US_Veterans_Campaign_Against_Islamophobia-620x456.jpg 620w, https:\/\/twistislamophobia.org\/wp-content\/uploads\/2016\/02\/US_Veterans_Campaign_Against_Islamophobia.jpg 800w\" sizes=\"auto, (max-width: 300px) 100vw, 300px\" \/><\/a><\/p>\n<p>A veterans group has plans to protest at Donald Trump&#8217;s campaign rally in Madison on Sunday February 21. <a href=\"https:\/\/www.facebook.com\/veteransagainstislamophobia\">&#8220;Veterans Against Islamophobia&#8221;<\/a> says Republican presidential candidate Donald Trump is using hate speech against Muslims and their religion. The group says they are non-partisan, and members are combat veterans who have served in Iraq, Afghanistan, and Vietnam. The group has attended two other Trump rallies; the first was February 19, in Myrtle Beach, South Carolina. Ten veterans held the banner. The second rally was February 22 in Las Vegas.<\/p>\n<p>In a statement, the group said, &#8220;Fear-mongering endangers our national security and gives rise to hatred and racism that play into the hands of an enemy that wants to convince Muslims around the world that the West, led by the U.S., hates them, and that joining ISIL or similar organizations is the only way to truly observe and defend their religion.<\/p>\n<p>&#8220;We can never defend ourselves effectively by playing into our adversary\u2019s strategy, giving credibility to their recruitment propaganda. We endanger ourselves whenever we make that mistake.&#8221;<\/p>\n","protected":false},"excerpt":{"rendered":"<p>A veterans group has plans to protest at Donald Trump&#8217;s campaign rally in Madison on Sunday February 21. &#8220;Veterans Against Islamophobia&#8221; says Republican presidential candidate Donald Trump is using hate speech against Muslims and their religion. The group says they are non-partisan, and members are combat veterans who have served in Iraq, Afghanistan, and Vietnam. The group has attended two other Trump rallies; the first was February 19, in Myrtle Beach, South Carolina. Ten veterans held the banner. The second rally was February 22 in Las Vegas. In a statement, the group said, &#8220;Fear-mongering endangers our national security and gives rise to hatred and racism that play into the hands of an enemy that wants to convince Muslims around the world that the West, led by the U.S., hates them, and that joining ISIL or similar organizations is the only way to truly observe and defend their religion. &#8220;We can never defend ourselves effectively by playing into our adversary\u2019s strategy, giving credibility to their recruitment propaganda. We endanger ourselves whenever we make that mistake.&#8221;<\/p>\n","protected":false},"author":2,"featured_media":1603,"comment_status":"open","ping_status":"open","sticky":false,"template":"","format":"standard","meta":{"footnotes":""},"categories":[115],"tags":[196,298,297],"class_list":["post-1600","post","type-post","status-publish","format-standard","has-post-thumbnail","hentry","category-share-en","tag-islamophobia","tag-usa","tag-veterans"],"yoast_head":"<!-- This site is optimized with the Yoast SEO plugin v27.4 - https:\/\/yoast.com\/product\/yoast-seo-wordpress\/ -->\n<title>Veterans from USA against Islamophobia - Twist Islamophobia<\/title>\n<meta name=\"robots\" content=\"index, follow, max-snippet:-1, max-image-preview:large, max-video-preview:-1\" \/>\n<link rel=\"canonical\" href=\"https:\/\/twistislamophobia.org\/en\/2016\/02\/27\/veterans-from-usa-against-islamophobia\/\" \/>\n<meta property=\"og:locale\" content=\"en_US\" \/>\n<meta property=\"og:type\" content=\"article\" \/>\n<meta property=\"og:title\" content=\"Veterans from USA against Islamophobia - Twist Islamophobia\" \/>\n<meta property=\"og:description\" content=\"A veterans group has plans to protest at Donald Trump&#8217;s campaign rally in Madison on Sunday February 21. &#8220;Veterans Against Islamophobia&#8221; says Republican presidential candidate Donald Trump is using hate speech against Muslims and their religion. The group says they are non-partisan, and members are combat veterans who have served in Iraq, Afghanistan, and Vietnam. The group has attended two other Trump rallies; the first was February 19, in Myrtle Beach, South Carolina. Ten veterans held the banner. The second rally was February 22 in Las Vegas. In a statement, the group said, &#8220;Fear-mongering endangers our national security and gives rise to hatred and racism that play into the hands of an enemy that wants to convince Muslims around the world that the West, led by the U.S., hates them, and that joining ISIL or similar organizations is the only way to truly observe and defend their religion. &#8220;We can never defend ourselves effectively by playing into our adversary\u2019s strategy, giving credibility to their recruitment propaganda. We endanger ourselves whenever we make that mistake.&#8221;\" \/>\n<meta property=\"og:url\" content=\"https:\/\/twistislamophobia.org\/en\/2016\/02\/27\/veterans-from-usa-against-islamophobia\/\" \/>\n<meta property=\"og:site_name\" content=\"Twist Islamophobia\" \/>\n<meta property=\"article:author\" content=\"Fundaciondeculturaislamica\" \/>\n<meta property=\"article:published_time\" content=\"2016-02-27T10:31:33+00:00\" \/>\n<meta property=\"article:modified_time\" content=\"2017-03-13T12:40:29+00:00\" \/>\n<meta property=\"og:image\" content=\"https:\/\/twistislamophobia.org\/wp-content\/uploads\/2016\/02\/Veterano-EEUU.jpg\" \/>\n\t<meta property=\"og:image:width\" content=\"491\" \/>\n\t<meta property=\"og:image:height\" content=\"368\" \/>\n\t<meta property=\"og:image:type\" content=\"image\/jpeg\" \/>\n<meta name=\"author\" content=\"Fundaci\u00f3n de Cultura Isl\u00e1mica\" \/>\n<meta name=\"twitter:card\" content=\"summary_large_image\" \/>\n<meta name=\"twitter:label1\" content=\"Written by\" \/>\n\t<meta name=\"twitter:data1\" content=\"Fundaci\u00f3n de Cultura Isl\u00e1mica\" \/>\n\t<meta name=\"twitter:label2\" content=\"Est. reading time\" \/>\n\t<meta name=\"twitter:data2\" content=\"1 minute\" \/>\n<script type=\"application\/ld+json\" class=\"yoast-schema-graph\">{\"@context\":\"https:\\\/\\\/schema.org\",\"@graph\":[{\"@type\":\"Article\",\"@id\":\"https:\\\/\\\/twistislamophobia.org\\\/en\\\/2016\\\/02\\\/27\\\/veterans-from-usa-against-islamophobia\\\/#article\",\"isPartOf\":{\"@id\":\"https:\\\/\\\/twistislamophobia.org\\\/en\\\/2016\\\/02\\\/27\\\/veterans-from-usa-against-islamophobia\\\/\"},\"author\":{\"name\":\"Fundaci\u00f3n de Cultura Isl\u00e1mica\",\"@id\":\"https:\\\/\\\/twistislamophobia.org\\\/#\\\/schema\\\/person\\\/ad747f2d69cf56db855e7341a1478d0d\"},\"headline\":\"Veterans from USA against Islamophobia\",\"datePublished\":\"2016-02-27T10:31:33+00:00\",\"dateModified\":\"2017-03-13T12:40:29+00:00\",\"mainEntityOfPage\":{\"@id\":\"https:\\\/\\\/twistislamophobia.org\\\/en\\\/2016\\\/02\\\/27\\\/veterans-from-usa-against-islamophobia\\\/\"},\"wordCount\":178,\"commentCount\":0,\"image\":{\"@id\":\"https:\\\/\\\/twistislamophobia.org\\\/en\\\/2016\\\/02\\\/27\\\/veterans-from-usa-against-islamophobia\\\/#primaryimage\"},\"thumbnailUrl\":\"https:\\\/\\\/twistislamophobia.org\\\/wp-content\\\/uploads\\\/2016\\\/02\\\/Veterano-EEUU.jpg\",\"keywords\":[\"islamophobia\",\"USA\",\"Veterans\"],\"articleSection\":[\"Share\"],\"inLanguage\":\"en-US\",\"potentialAction\":[{\"@type\":\"CommentAction\",\"name\":\"Comment\",\"target\":[\"https:\\\/\\\/twistislamophobia.org\\\/en\\\/2016\\\/02\\\/27\\\/veterans-from-usa-against-islamophobia\\\/#respond\"]}]},{\"@type\":\"WebPage\",\"@id\":\"https:\\\/\\\/twistislamophobia.org\\\/en\\\/2016\\\/02\\\/27\\\/veterans-from-usa-against-islamophobia\\\/\",\"url\":\"https:\\\/\\\/twistislamophobia.org\\\/en\\\/2016\\\/02\\\/27\\\/veterans-from-usa-against-islamophobia\\\/\",\"name\":\"Veterans from USA against Islamophobia - Twist Islamophobia\",\"isPartOf\":{\"@id\":\"https:\\\/\\\/twistislamophobia.org\\\/#website\"},\"primaryImageOfPage\":{\"@id\":\"https:\\\/\\\/twistislamophobia.org\\\/en\\\/2016\\\/02\\\/27\\\/veterans-from-usa-against-islamophobia\\\/#primaryimage\"},\"image\":{\"@id\":\"https:\\\/\\\/twistislamophobia.org\\\/en\\\/2016\\\/02\\\/27\\\/veterans-from-usa-against-islamophobia\\\/#primaryimage\"},\"thumbnailUrl\":\"https:\\\/\\\/twistislamophobia.org\\\/wp-content\\\/uploads\\\/2016\\\/02\\\/Veterano-EEUU.jpg\",\"datePublished\":\"2016-02-27T10:31:33+00:00\",\"dateModified\":\"2017-03-13T12:40:29+00:00\",\"author\":{\"@id\":\"https:\\\/\\\/twistislamophobia.org\\\/#\\\/schema\\\/person\\\/ad747f2d69cf56db855e7341a1478d0d\"},\"breadcrumb\":{\"@id\":\"https:\\\/\\\/twistislamophobia.org\\\/en\\\/2016\\\/02\\\/27\\\/veterans-from-usa-against-islamophobia\\\/#breadcrumb\"},\"inLanguage\":\"en-US\",\"potentialAction\":[{\"@type\":\"ReadAction\",\"target\":[\"https:\\\/\\\/twistislamophobia.org\\\/en\\\/2016\\\/02\\\/27\\\/veterans-from-usa-against-islamophobia\\\/\"]}]},{\"@type\":\"ImageObject\",\"inLanguage\":\"en-US\",\"@id\":\"https:\\\/\\\/twistislamophobia.org\\\/en\\\/2016\\\/02\\\/27\\\/veterans-from-usa-against-islamophobia\\\/#primaryimage\",\"url\":\"https:\\\/\\\/twistislamophobia.org\\\/wp-content\\\/uploads\\\/2016\\\/02\\\/Veterano-EEUU.jpg\",\"contentUrl\":\"https:\\\/\\\/twistislamophobia.org\\\/wp-content\\\/uploads\\\/2016\\\/02\\\/Veterano-EEUU.jpg\",\"width\":491,\"height\":368},{\"@type\":\"BreadcrumbList\",\"@id\":\"https:\\\/\\\/twistislamophobia.org\\\/en\\\/2016\\\/02\\\/27\\\/veterans-from-usa-against-islamophobia\\\/#breadcrumb\",\"itemListElement\":[{\"@type\":\"ListItem\",\"position\":1,\"name\":\"Portada\",\"item\":\"https:\\\/\\\/twistislamophobia.org\\\/\"},{\"@type\":\"ListItem\",\"position\":2,\"name\":\"Veterans from USA against Islamophobia\"}]},{\"@type\":\"WebSite\",\"@id\":\"https:\\\/\\\/twistislamophobia.org\\\/#website\",\"url\":\"https:\\\/\\\/twistislamophobia.org\\\/\",\"name\":\"Twist Islamophobia\",\"description\":\"porque las diferencias suman\",\"potentialAction\":[{\"@type\":\"SearchAction\",\"target\":{\"@type\":\"EntryPoint\",\"urlTemplate\":\"https:\\\/\\\/twistislamophobia.org\\\/?s={search_term_string}\"},\"query-input\":{\"@type\":\"PropertyValueSpecification\",\"valueRequired\":true,\"valueName\":\"search_term_string\"}}],\"inLanguage\":\"en-US\"},{\"@type\":\"Person\",\"@id\":\"https:\\\/\\\/twistislamophobia.org\\\/#\\\/schema\\\/person\\\/ad747f2d69cf56db855e7341a1478d0d\",\"name\":\"Fundaci\u00f3n de Cultura Isl\u00e1mica\",\"description\":\"La Fundaci\u00f3n de Cultura Isl\u00e1mica promueve el di\u00e1logo intercultural y la educaci\u00f3n para el desarrollo de forma independiente, cient\u00edfica y rigurosa, desde hace m\u00e1s de tres d\u00e9cadas.\",\"sameAs\":[\"http:\\\/\\\/www.funci.org\\\/\",\"Fundaciondeculturaislamica\"],\"url\":\"https:\\\/\\\/twistislamophobia.org\\\/en\\\/author\\\/funci\\\/\"}]}<\/script>\n<!-- \/ Yoast SEO plugin. -->","yoast_head_json":{"title":"Veterans from USA against Islamophobia - Twist Islamophobia","robots":{"index":"index","follow":"follow","max-snippet":"max-snippet:-1","max-image-preview":"max-image-preview:large","max-video-preview":"max-video-preview:-1"},"canonical":"https:\/\/twistislamophobia.org\/en\/2016\/02\/27\/veterans-from-usa-against-islamophobia\/","og_locale":"en_US","og_type":"article","og_title":"Veterans from USA against Islamophobia - Twist Islamophobia","og_description":"A veterans group has plans to protest at Donald Trump&#8217;s campaign rally in Madison on Sunday February 21. &#8220;Veterans Against Islamophobia&#8221; says Republican presidential candidate Donald Trump is using hate speech against Muslims and their religion. The group says they are non-partisan, and members are combat veterans who have served in Iraq, Afghanistan, and Vietnam. The group has attended two other Trump rallies; the first was February 19, in Myrtle Beach, South Carolina. Ten veterans held the banner. The second rally was February 22 in Las Vegas. In a statement, the group said, &#8220;Fear-mongering endangers our national security and gives rise to hatred and racism that play into the hands of an enemy that wants to convince Muslims around the world that the West, led by the U.S., hates them, and that joining ISIL or similar organizations is the only way to truly observe and defend their religion. &#8220;We can never defend ourselves effectively by playing into our adversary\u2019s strategy, giving credibility to their recruitment propaganda. We endanger ourselves whenever we make that mistake.&#8221;","og_url":"https:\/\/twistislamophobia.org\/en\/2016\/02\/27\/veterans-from-usa-against-islamophobia\/","og_site_name":"Twist Islamophobia","article_author":"Fundaciondeculturaislamica","article_published_time":"2016-02-27T10:31:33+00:00","article_modified_time":"2017-03-13T12:40:29+00:00","og_image":[{"width":491,"height":368,"url":"https:\/\/twistislamophobia.org\/wp-content\/uploads\/2016\/02\/Veterano-EEUU.jpg","type":"image\/jpeg"}],"author":"Fundaci\u00f3n de Cultura Isl\u00e1mica","twitter_card":"summary_large_image","twitter_misc":{"Written by":"Fundaci\u00f3n de Cultura Isl\u00e1mica","Est. reading time":"1 minute"},"schema":{"@context":"https:\/\/schema.org","@graph":[{"@type":"Article","@id":"https:\/\/twistislamophobia.org\/en\/2016\/02\/27\/veterans-from-usa-against-islamophobia\/#article","isPartOf":{"@id":"https:\/\/twistislamophobia.org\/en\/2016\/02\/27\/veterans-from-usa-against-islamophobia\/"},"author":{"name":"Fundaci\u00f3n de Cultura Isl\u00e1mica","@id":"https:\/\/twistislamophobia.org\/#\/schema\/person\/ad747f2d69cf56db855e7341a1478d0d"},"headline":"Veterans from USA against Islamophobia","datePublished":"2016-02-27T10:31:33+00:00","dateModified":"2017-03-13T12:40:29+00:00","mainEntityOfPage":{"@id":"https:\/\/twistislamophobia.org\/en\/2016\/02\/27\/veterans-from-usa-against-islamophobia\/"},"wordCount":178,"commentCount":0,"image":{"@id":"https:\/\/twistislamophobia.org\/en\/2016\/02\/27\/veterans-from-usa-against-islamophobia\/#primaryimage"},"thumbnailUrl":"https:\/\/twistislamophobia.org\/wp-content\/uploads\/2016\/02\/Veterano-EEUU.jpg","keywords":["islamophobia","USA","Veterans"],"articleSection":["Share"],"inLanguage":"en-US","potentialAction":[{"@type":"CommentAction","name":"Comment","target":["https:\/\/twistislamophobia.org\/en\/2016\/02\/27\/veterans-from-usa-against-islamophobia\/#respond"]}]},{"@type":"WebPage","@id":"https:\/\/twistislamophobia.org\/en\/2016\/02\/27\/veterans-from-usa-against-islamophobia\/","url":"https:\/\/twistislamophobia.org\/en\/2016\/02\/27\/veterans-from-usa-against-islamophobia\/","name":"Veterans from USA against Islamophobia - Twist Islamophobia","isPartOf":{"@id":"https:\/\/twistislamophobia.org\/#website"},"primaryImageOfPage":{"@id":"https:\/\/twistislamophobia.org\/en\/2016\/02\/27\/veterans-from-usa-against-islamophobia\/#primaryimage"},"image":{"@id":"https:\/\/twistislamophobia.org\/en\/2016\/02\/27\/veterans-from-usa-against-islamophobia\/#primaryimage"},"thumbnailUrl":"https:\/\/twistislamophobia.org\/wp-content\/uploads\/2016\/02\/Veterano-EEUU.jpg","datePublished":"2016-02-27T10:31:33+00:00","dateModified":"2017-03-13T12:40:29+00:00","author":{"@id":"https:\/\/twistislamophobia.org\/#\/schema\/person\/ad747f2d69cf56db855e7341a1478d0d"},"breadcrumb":{"@id":"https:\/\/twistislamophobia.org\/en\/2016\/02\/27\/veterans-from-usa-against-islamophobia\/#breadcrumb"},"inLanguage":"en-US","potentialAction":[{"@type":"ReadAction","target":["https:\/\/twistislamophobia.org\/en\/2016\/02\/27\/veterans-from-usa-against-islamophobia\/"]}]},{"@type":"ImageObject","inLanguage":"en-US","@id":"https:\/\/twistislamophobia.org\/en\/2016\/02\/27\/veterans-from-usa-against-islamophobia\/#primaryimage","url":"https:\/\/twistislamophobia.org\/wp-content\/uploads\/2016\/02\/Veterano-EEUU.jpg","contentUrl":"https:\/\/twistislamophobia.org\/wp-content\/uploads\/2016\/02\/Veterano-EEUU.jpg","width":491,"height":368},{"@type":"BreadcrumbList","@id":"https:\/\/twistislamophobia.org\/en\/2016\/02\/27\/veterans-from-usa-against-islamophobia\/#breadcrumb","itemListElement":[{"@type":"ListItem","position":1,"name":"Portada","item":"https:\/\/twistislamophobia.org\/"},{"@type":"ListItem","position":2,"name":"Veterans from USA against Islamophobia"}]},{"@type":"WebSite","@id":"https:\/\/twistislamophobia.org\/#website","url":"https:\/\/twistislamophobia.org\/","name":"Twist Islamophobia","description":"porque las diferencias suman","potentialAction":[{"@type":"SearchAction","target":{"@type":"EntryPoint","urlTemplate":"https:\/\/twistislamophobia.org\/?s={search_term_string}"},"query-input":{"@type":"PropertyValueSpecification","valueRequired":true,"valueName":"search_term_string"}}],"inLanguage":"en-US"},{"@type":"Person","@id":"https:\/\/twistislamophobia.org\/#\/schema\/person\/ad747f2d69cf56db855e7341a1478d0d","name":"Fundaci\u00f3n de Cultura Isl\u00e1mica","description":"La Fundaci\u00f3n de Cultura Isl\u00e1mica promueve el di\u00e1logo intercultural y la educaci\u00f3n para el desarrollo de forma independiente, cient\u00edfica y rigurosa, desde hace m\u00e1s de tres d\u00e9cadas.","sameAs":["http:\/\/www.funci.org\/","Fundaciondeculturaislamica"],"url":"https:\/\/twistislamophobia.org\/en\/author\/funci\/"}]}},"_links":{"self":[{"href":"https:\/\/twistislamophobia.org\/en\/wp-json\/wp\/v2\/posts\/1600","targetHints":{"allow":["GET"]}}],"collection":[{"href":"https:\/\/twistislamophobia.org\/en\/wp-json\/wp\/v2\/posts"}],"about":[{"href":"https:\/\/twistislamophobia.org\/en\/wp-json\/wp\/v2\/types\/post"}],"author":[{"embeddable":true,"href":"https:\/\/twistislamophobia.org\/en\/wp-json\/wp\/v2\/users\/2"}],"replies":[{"embeddable":true,"href":"https:\/\/twistislamophobia.org\/en\/wp-json\/wp\/v2\/comments?post=1600"}],"version-history":[{"count":3,"href":"https:\/\/twistislamophobia.org\/en\/wp-json\/wp\/v2\/posts\/1600\/revisions"}],"predecessor-version":[{"id":1607,"href":"https:\/\/twistislamophobia.org\/en\/wp-json\/wp\/v2\/posts\/1600\/revisions\/1607"}],"wp:featuredmedia":[{"embeddable":true,"href":"https:\/\/twistislamophobia.org\/en\/wp-json\/wp\/v2\/media\/1603"}],"wp:attachment":[{"href":"https:\/\/twistislamophobia.org\/en\/wp-json\/wp\/v2\/media?parent=1600"}],"wp:term":[{"taxonomy":"category","embeddable":true,"href":"https:\/\/twistislamophobia.org\/en\/wp-json\/wp\/v2\/categories?post=1600"},{"taxonomy":"post_tag","embeddable":true,"href":"https:\/\/twistislamophobia.org\/en\/wp-json\/wp\/v2\/tags?post=1600"}],"curies":[{"name":"wp","href":"https:\/\/api.w.org\/{rel}","templated":true}]}}