{"id":1421,"date":"2016-02-09T08:48:16","date_gmt":"2016-02-09T08:48:16","guid":{"rendered":"http:\/\/twistislamophobia.org\/en\/?p=1421"},"modified":"2017-03-13T12:40:30","modified_gmt":"2017-03-13T12:40:30","slug":"islamophobia-common-grounds","status":"publish","type":"post","link":"https:\/\/twistislamophobia.org\/en\/2016\/02\/09\/islamophobia-common-grounds\/","title":{"rendered":"Islamophobia: Common grounds"},"content":{"rendered":"<p><a href=\"http:\/\/twistislamophobia.org\/wp-content\/uploads\/2016\/01\/P1010029.jpg\"><img loading=\"lazy\" decoding=\"async\" class=\"size-medium wp-image-1276 aligncenter\" src=\"http:\/\/twistislamophobia.org\/wp-content\/uploads\/2016\/01\/P1010029-300x225.jpg\" alt=\"Essaouira\" width=\"300\" height=\"225\" srcset=\"https:\/\/twistislamophobia.org\/wp-content\/uploads\/2016\/01\/P1010029-300x225.jpg 300w, https:\/\/twistislamophobia.org\/wp-content\/uploads\/2016\/01\/P1010029-1024x768.jpg 1024w, https:\/\/twistislamophobia.org\/wp-content\/uploads\/2016\/01\/P1010029-620x465.jpg 620w, https:\/\/twistislamophobia.org\/wp-content\/uploads\/2016\/01\/P1010029-940x705.jpg 940w\" sizes=\"auto, (max-width: 300px) 100vw, 300px\" \/><\/a>In the following article, published in the Spanish newspaper <a href=\"https:\/\/www.diagonalperiodico.net\/\">Diagonal<\/a>, <a href=\"https:\/\/sites.google.com\/site\/teimproject\/-quienes-somos\/angeles\">\u00c1ngeles Ram\u00edrez<\/a>, anthropology professor at the Autonomous University of Madrid, refutes four common arguments employed when generating an Islamophobic discourse. As the author explains, this concepts are not only used by those actively promoting Islamophobia, who attack Islam and the Muslim population, but they are also used to legitimate their hate speech in the eyes of the rest of the population, who assimilates it and even justifies it.<\/p>\n<p>\u201cRelying on an old analogy: only the Nazis carried out the extermination of the Jewish population in Europe, but the idea that they were an alien and corrupt race, which took advantage of the German population and that deserved to be excluded, was broadly shared by the German population of that time. The second point conditioned the first one.\u00a0 In the case of Islam, just some right-wing groups would lead a violent opposition in the streets against the opening of a mosque, for example. But the premises for these actions are the stereotypes about Islam: its link to violence, the potential fanaticism of Muslims and the lack of women rights. These principles are assumed by a big sector of the population, regardless of their political sign. All this is Islamophobia, understood as racism against the Muslim population.\u201d<\/p>\n<p>These four arguments, so commonly used, and yet sources of generalizations and reductionisms are:<\/p>\n<p>1. <strong>\u201cMuslims are\u2026\u201d<\/strong>\u00a0Muslims are 1.570 million people and constitute a very heterogeneous group, which includes different countries, ethnic groups, and religious currents.<\/p>\n<p>2. <strong>\u201cIslam leads to violence. Muslims follow blindly their religious precepts.\u201d<\/strong> This is a baseless generalization, encouraged by an Orientalist vision whose origin can be found in the colonial occupation, and backed nowadays by the media.<\/p>\n<p>3. <strong>\u201cIslam attacks women rights.\u201d<\/strong> This generalization is a consequence of the experience of those countries that have manipulated Islam in order to defend their own misogynist and patriarchal intentions. Islam does not oppress women.<\/p>\n<p>4. <strong>\u201cMuslim women are forced to cover themselves with a hijab, therefore, in Europe, it has to be forbidden, so they can be freed from that oppression.\u201d<\/strong> This assessment criminalizes a type of clothing, thus stigmatizing the women who wear it. \u201cThe curious thing is that these progressive stances end up defending that the State has to tell women how to dress, thus pretending to \u2018emancipate\u2019 them by taken away their citizen rights\u201d.<\/p>\n<p>Click <a href=\"https:\/\/www.diagonalperiodico.net\/la-plaza\/26408-islamofobia-lugares-comunes.html\">here<\/a> to read the full article. (In Spanish)<\/p>\n","protected":false},"excerpt":{"rendered":"<p>In the following article, published in the Spanish newspaper Diagonal, \u00c1ngeles Ram\u00edrez, anthropology professor at the Autonomous University of Madrid, refutes four common arguments employed when generating an Islamophobic discourse. As the author explains, this concepts are not only used by those actively promoting Islamophobia, who attack Islam and the Muslim population, but they are also used to legitimate their hate speech in the eyes of the rest of the population, who assimilates it and even justifies it. \u201cRelying on an old analogy: only the Nazis carried out the extermination of the Jewish population in Europe, but the idea that they were an alien and corrupt race, which took advantage of the German population and that deserved to be excluded, was broadly shared by the German population of that time. The second point conditioned the first one.\u00a0 In the case of Islam, just some right-wing groups would lead a violent opposition in the streets against the opening of a mosque, for example. But the premises for these actions are the stereotypes about Islam: its link to violence, the potential fanaticism of Muslims and the lack of women rights. These principles are assumed by a big sector of the population, regardless &#8230;<\/p>\n","protected":false},"author":2,"featured_media":1391,"comment_status":"open","ping_status":"open","sticky":false,"template":"","format":"standard","meta":{"footnotes":""},"categories":[117],"tags":[196,182,275],"class_list":["post-1421","post","type-post","status-publish","format-standard","has-post-thumbnail","hentry","category-twist-en","tag-islamophobia","tag-prejudices","tag-stereotypes"],"yoast_head":"<!-- This site is optimized with the Yoast SEO plugin v27.4 - https:\/\/yoast.com\/product\/yoast-seo-wordpress\/ -->\n<title>Islamophobia: Common grounds - Twist Islamophobia<\/title>\n<meta name=\"robots\" content=\"index, follow, max-snippet:-1, max-image-preview:large, max-video-preview:-1\" \/>\n<link rel=\"canonical\" href=\"https:\/\/twistislamophobia.org\/en\/2016\/02\/09\/islamophobia-common-grounds\/\" \/>\n<meta property=\"og:locale\" content=\"en_US\" \/>\n<meta property=\"og:type\" content=\"article\" \/>\n<meta property=\"og:title\" content=\"Islamophobia: Common grounds - Twist Islamophobia\" \/>\n<meta property=\"og:description\" content=\"In the following article, published in the Spanish newspaper Diagonal, \u00c1ngeles Ram\u00edrez, anthropology professor at the Autonomous University of Madrid, refutes four common arguments employed when generating an Islamophobic discourse. As the author explains, this concepts are not only used by those actively promoting Islamophobia, who attack Islam and the Muslim population, but they are also used to legitimate their hate speech in the eyes of the rest of the population, who assimilates it and even justifies it. \u201cRelying on an old analogy: only the Nazis carried out the extermination of the Jewish population in Europe, but the idea that they were an alien and corrupt race, which took advantage of the German population and that deserved to be excluded, was broadly shared by the German population of that time. The second point conditioned the first one.\u00a0 In the case of Islam, just some right-wing groups would lead a violent opposition in the streets against the opening of a mosque, for example. But the premises for these actions are the stereotypes about Islam: its link to violence, the potential fanaticism of Muslims and the lack of women rights. These principles are assumed by a big sector of the population, regardless ...\" \/>\n<meta property=\"og:url\" content=\"https:\/\/twistislamophobia.org\/en\/2016\/02\/09\/islamophobia-common-grounds\/\" \/>\n<meta property=\"og:site_name\" content=\"Twist Islamophobia\" \/>\n<meta property=\"article:author\" content=\"Fundaciondeculturaislamica\" \/>\n<meta property=\"article:published_time\" content=\"2016-02-09T08:48:16+00:00\" \/>\n<meta property=\"article:modified_time\" content=\"2017-03-13T12:40:30+00:00\" \/>\n<meta property=\"og:image\" content=\"https:\/\/twistislamophobia.org\/wp-content\/uploads\/2016\/02\/los-musulmanes-son....jpg\" \/>\n\t<meta property=\"og:image:width\" content=\"575\" \/>\n\t<meta property=\"og:image:height\" content=\"308\" \/>\n\t<meta property=\"og:image:type\" content=\"image\/jpeg\" \/>\n<meta name=\"author\" content=\"Fundaci\u00f3n de Cultura Isl\u00e1mica\" \/>\n<meta name=\"twitter:card\" content=\"summary_large_image\" \/>\n<meta name=\"twitter:label1\" content=\"Written by\" \/>\n\t<meta name=\"twitter:data1\" content=\"Fundaci\u00f3n de Cultura Isl\u00e1mica\" \/>\n\t<meta name=\"twitter:label2\" content=\"Est. reading time\" \/>\n\t<meta name=\"twitter:data2\" content=\"2 minutes\" \/>\n<script type=\"application\/ld+json\" class=\"yoast-schema-graph\">{\"@context\":\"https:\\\/\\\/schema.org\",\"@graph\":[{\"@type\":\"Article\",\"@id\":\"https:\\\/\\\/twistislamophobia.org\\\/en\\\/2016\\\/02\\\/09\\\/islamophobia-common-grounds\\\/#article\",\"isPartOf\":{\"@id\":\"https:\\\/\\\/twistislamophobia.org\\\/en\\\/2016\\\/02\\\/09\\\/islamophobia-common-grounds\\\/\"},\"author\":{\"name\":\"Fundaci\u00f3n de Cultura Isl\u00e1mica\",\"@id\":\"https:\\\/\\\/twistislamophobia.org\\\/#\\\/schema\\\/person\\\/ad747f2d69cf56db855e7341a1478d0d\"},\"headline\":\"Islamophobia: Common grounds\",\"datePublished\":\"2016-02-09T08:48:16+00:00\",\"dateModified\":\"2017-03-13T12:40:30+00:00\",\"mainEntityOfPage\":{\"@id\":\"https:\\\/\\\/twistislamophobia.org\\\/en\\\/2016\\\/02\\\/09\\\/islamophobia-common-grounds\\\/\"},\"wordCount\":404,\"commentCount\":0,\"image\":{\"@id\":\"https:\\\/\\\/twistislamophobia.org\\\/en\\\/2016\\\/02\\\/09\\\/islamophobia-common-grounds\\\/#primaryimage\"},\"thumbnailUrl\":\"https:\\\/\\\/twistislamophobia.org\\\/wp-content\\\/uploads\\\/2016\\\/02\\\/los-musulmanes-son....jpg\",\"keywords\":[\"islamophobia\",\"prejudices\",\"stereotypes\"],\"articleSection\":[\"Twist\"],\"inLanguage\":\"en-US\",\"potentialAction\":[{\"@type\":\"CommentAction\",\"name\":\"Comment\",\"target\":[\"https:\\\/\\\/twistislamophobia.org\\\/en\\\/2016\\\/02\\\/09\\\/islamophobia-common-grounds\\\/#respond\"]}]},{\"@type\":\"WebPage\",\"@id\":\"https:\\\/\\\/twistislamophobia.org\\\/en\\\/2016\\\/02\\\/09\\\/islamophobia-common-grounds\\\/\",\"url\":\"https:\\\/\\\/twistislamophobia.org\\\/en\\\/2016\\\/02\\\/09\\\/islamophobia-common-grounds\\\/\",\"name\":\"Islamophobia: Common grounds - Twist Islamophobia\",\"isPartOf\":{\"@id\":\"https:\\\/\\\/twistislamophobia.org\\\/#website\"},\"primaryImageOfPage\":{\"@id\":\"https:\\\/\\\/twistislamophobia.org\\\/en\\\/2016\\\/02\\\/09\\\/islamophobia-common-grounds\\\/#primaryimage\"},\"image\":{\"@id\":\"https:\\\/\\\/twistislamophobia.org\\\/en\\\/2016\\\/02\\\/09\\\/islamophobia-common-grounds\\\/#primaryimage\"},\"thumbnailUrl\":\"https:\\\/\\\/twistislamophobia.org\\\/wp-content\\\/uploads\\\/2016\\\/02\\\/los-musulmanes-son....jpg\",\"datePublished\":\"2016-02-09T08:48:16+00:00\",\"dateModified\":\"2017-03-13T12:40:30+00:00\",\"author\":{\"@id\":\"https:\\\/\\\/twistislamophobia.org\\\/#\\\/schema\\\/person\\\/ad747f2d69cf56db855e7341a1478d0d\"},\"breadcrumb\":{\"@id\":\"https:\\\/\\\/twistislamophobia.org\\\/en\\\/2016\\\/02\\\/09\\\/islamophobia-common-grounds\\\/#breadcrumb\"},\"inLanguage\":\"en-US\",\"potentialAction\":[{\"@type\":\"ReadAction\",\"target\":[\"https:\\\/\\\/twistislamophobia.org\\\/en\\\/2016\\\/02\\\/09\\\/islamophobia-common-grounds\\\/\"]}]},{\"@type\":\"ImageObject\",\"inLanguage\":\"en-US\",\"@id\":\"https:\\\/\\\/twistislamophobia.org\\\/en\\\/2016\\\/02\\\/09\\\/islamophobia-common-grounds\\\/#primaryimage\",\"url\":\"https:\\\/\\\/twistislamophobia.org\\\/wp-content\\\/uploads\\\/2016\\\/02\\\/los-musulmanes-son....jpg\",\"contentUrl\":\"https:\\\/\\\/twistislamophobia.org\\\/wp-content\\\/uploads\\\/2016\\\/02\\\/los-musulmanes-son....jpg\",\"width\":575,\"height\":308},{\"@type\":\"BreadcrumbList\",\"@id\":\"https:\\\/\\\/twistislamophobia.org\\\/en\\\/2016\\\/02\\\/09\\\/islamophobia-common-grounds\\\/#breadcrumb\",\"itemListElement\":[{\"@type\":\"ListItem\",\"position\":1,\"name\":\"Portada\",\"item\":\"https:\\\/\\\/twistislamophobia.org\\\/\"},{\"@type\":\"ListItem\",\"position\":2,\"name\":\"Islamophobia: Common grounds\"}]},{\"@type\":\"WebSite\",\"@id\":\"https:\\\/\\\/twistislamophobia.org\\\/#website\",\"url\":\"https:\\\/\\\/twistislamophobia.org\\\/\",\"name\":\"Twist Islamophobia\",\"description\":\"porque las diferencias suman\",\"potentialAction\":[{\"@type\":\"SearchAction\",\"target\":{\"@type\":\"EntryPoint\",\"urlTemplate\":\"https:\\\/\\\/twistislamophobia.org\\\/?s={search_term_string}\"},\"query-input\":{\"@type\":\"PropertyValueSpecification\",\"valueRequired\":true,\"valueName\":\"search_term_string\"}}],\"inLanguage\":\"en-US\"},{\"@type\":\"Person\",\"@id\":\"https:\\\/\\\/twistislamophobia.org\\\/#\\\/schema\\\/person\\\/ad747f2d69cf56db855e7341a1478d0d\",\"name\":\"Fundaci\u00f3n de Cultura Isl\u00e1mica\",\"description\":\"La Fundaci\u00f3n de Cultura Isl\u00e1mica promueve el di\u00e1logo intercultural y la educaci\u00f3n para el desarrollo de forma independiente, cient\u00edfica y rigurosa, desde hace m\u00e1s de tres d\u00e9cadas.\",\"sameAs\":[\"http:\\\/\\\/www.funci.org\\\/\",\"Fundaciondeculturaislamica\"],\"url\":\"https:\\\/\\\/twistislamophobia.org\\\/en\\\/author\\\/funci\\\/\"}]}<\/script>\n<!-- \/ Yoast SEO plugin. -->","yoast_head_json":{"title":"Islamophobia: Common grounds - Twist Islamophobia","robots":{"index":"index","follow":"follow","max-snippet":"max-snippet:-1","max-image-preview":"max-image-preview:large","max-video-preview":"max-video-preview:-1"},"canonical":"https:\/\/twistislamophobia.org\/en\/2016\/02\/09\/islamophobia-common-grounds\/","og_locale":"en_US","og_type":"article","og_title":"Islamophobia: Common grounds - Twist Islamophobia","og_description":"In the following article, published in the Spanish newspaper Diagonal, \u00c1ngeles Ram\u00edrez, anthropology professor at the Autonomous University of Madrid, refutes four common arguments employed when generating an Islamophobic discourse. As the author explains, this concepts are not only used by those actively promoting Islamophobia, who attack Islam and the Muslim population, but they are also used to legitimate their hate speech in the eyes of the rest of the population, who assimilates it and even justifies it. \u201cRelying on an old analogy: only the Nazis carried out the extermination of the Jewish population in Europe, but the idea that they were an alien and corrupt race, which took advantage of the German population and that deserved to be excluded, was broadly shared by the German population of that time. The second point conditioned the first one.\u00a0 In the case of Islam, just some right-wing groups would lead a violent opposition in the streets against the opening of a mosque, for example. But the premises for these actions are the stereotypes about Islam: its link to violence, the potential fanaticism of Muslims and the lack of women rights. These principles are assumed by a big sector of the population, regardless ...","og_url":"https:\/\/twistislamophobia.org\/en\/2016\/02\/09\/islamophobia-common-grounds\/","og_site_name":"Twist Islamophobia","article_author":"Fundaciondeculturaislamica","article_published_time":"2016-02-09T08:48:16+00:00","article_modified_time":"2017-03-13T12:40:30+00:00","og_image":[{"width":575,"height":308,"url":"https:\/\/twistislamophobia.org\/wp-content\/uploads\/2016\/02\/los-musulmanes-son....jpg","type":"image\/jpeg"}],"author":"Fundaci\u00f3n de Cultura Isl\u00e1mica","twitter_card":"summary_large_image","twitter_misc":{"Written by":"Fundaci\u00f3n de Cultura Isl\u00e1mica","Est. reading time":"2 minutes"},"schema":{"@context":"https:\/\/schema.org","@graph":[{"@type":"Article","@id":"https:\/\/twistislamophobia.org\/en\/2016\/02\/09\/islamophobia-common-grounds\/#article","isPartOf":{"@id":"https:\/\/twistislamophobia.org\/en\/2016\/02\/09\/islamophobia-common-grounds\/"},"author":{"name":"Fundaci\u00f3n de Cultura Isl\u00e1mica","@id":"https:\/\/twistislamophobia.org\/#\/schema\/person\/ad747f2d69cf56db855e7341a1478d0d"},"headline":"Islamophobia: Common grounds","datePublished":"2016-02-09T08:48:16+00:00","dateModified":"2017-03-13T12:40:30+00:00","mainEntityOfPage":{"@id":"https:\/\/twistislamophobia.org\/en\/2016\/02\/09\/islamophobia-common-grounds\/"},"wordCount":404,"commentCount":0,"image":{"@id":"https:\/\/twistislamophobia.org\/en\/2016\/02\/09\/islamophobia-common-grounds\/#primaryimage"},"thumbnailUrl":"https:\/\/twistislamophobia.org\/wp-content\/uploads\/2016\/02\/los-musulmanes-son....jpg","keywords":["islamophobia","prejudices","stereotypes"],"articleSection":["Twist"],"inLanguage":"en-US","potentialAction":[{"@type":"CommentAction","name":"Comment","target":["https:\/\/twistislamophobia.org\/en\/2016\/02\/09\/islamophobia-common-grounds\/#respond"]}]},{"@type":"WebPage","@id":"https:\/\/twistislamophobia.org\/en\/2016\/02\/09\/islamophobia-common-grounds\/","url":"https:\/\/twistislamophobia.org\/en\/2016\/02\/09\/islamophobia-common-grounds\/","name":"Islamophobia: Common grounds - Twist Islamophobia","isPartOf":{"@id":"https:\/\/twistislamophobia.org\/#website"},"primaryImageOfPage":{"@id":"https:\/\/twistislamophobia.org\/en\/2016\/02\/09\/islamophobia-common-grounds\/#primaryimage"},"image":{"@id":"https:\/\/twistislamophobia.org\/en\/2016\/02\/09\/islamophobia-common-grounds\/#primaryimage"},"thumbnailUrl":"https:\/\/twistislamophobia.org\/wp-content\/uploads\/2016\/02\/los-musulmanes-son....jpg","datePublished":"2016-02-09T08:48:16+00:00","dateModified":"2017-03-13T12:40:30+00:00","author":{"@id":"https:\/\/twistislamophobia.org\/#\/schema\/person\/ad747f2d69cf56db855e7341a1478d0d"},"breadcrumb":{"@id":"https:\/\/twistislamophobia.org\/en\/2016\/02\/09\/islamophobia-common-grounds\/#breadcrumb"},"inLanguage":"en-US","potentialAction":[{"@type":"ReadAction","target":["https:\/\/twistislamophobia.org\/en\/2016\/02\/09\/islamophobia-common-grounds\/"]}]},{"@type":"ImageObject","inLanguage":"en-US","@id":"https:\/\/twistislamophobia.org\/en\/2016\/02\/09\/islamophobia-common-grounds\/#primaryimage","url":"https:\/\/twistislamophobia.org\/wp-content\/uploads\/2016\/02\/los-musulmanes-son....jpg","contentUrl":"https:\/\/twistislamophobia.org\/wp-content\/uploads\/2016\/02\/los-musulmanes-son....jpg","width":575,"height":308},{"@type":"BreadcrumbList","@id":"https:\/\/twistislamophobia.org\/en\/2016\/02\/09\/islamophobia-common-grounds\/#breadcrumb","itemListElement":[{"@type":"ListItem","position":1,"name":"Portada","item":"https:\/\/twistislamophobia.org\/"},{"@type":"ListItem","position":2,"name":"Islamophobia: Common grounds"}]},{"@type":"WebSite","@id":"https:\/\/twistislamophobia.org\/#website","url":"https:\/\/twistislamophobia.org\/","name":"Twist Islamophobia","description":"porque las diferencias suman","potentialAction":[{"@type":"SearchAction","target":{"@type":"EntryPoint","urlTemplate":"https:\/\/twistislamophobia.org\/?s={search_term_string}"},"query-input":{"@type":"PropertyValueSpecification","valueRequired":true,"valueName":"search_term_string"}}],"inLanguage":"en-US"},{"@type":"Person","@id":"https:\/\/twistislamophobia.org\/#\/schema\/person\/ad747f2d69cf56db855e7341a1478d0d","name":"Fundaci\u00f3n de Cultura Isl\u00e1mica","description":"La Fundaci\u00f3n de Cultura Isl\u00e1mica promueve el di\u00e1logo intercultural y la educaci\u00f3n para el desarrollo de forma independiente, cient\u00edfica y rigurosa, desde hace m\u00e1s de tres d\u00e9cadas.","sameAs":["http:\/\/www.funci.org\/","Fundaciondeculturaislamica"],"url":"https:\/\/twistislamophobia.org\/en\/author\/funci\/"}]}},"_links":{"self":[{"href":"https:\/\/twistislamophobia.org\/en\/wp-json\/wp\/v2\/posts\/1421","targetHints":{"allow":["GET"]}}],"collection":[{"href":"https:\/\/twistislamophobia.org\/en\/wp-json\/wp\/v2\/posts"}],"about":[{"href":"https:\/\/twistislamophobia.org\/en\/wp-json\/wp\/v2\/types\/post"}],"author":[{"embeddable":true,"href":"https:\/\/twistislamophobia.org\/en\/wp-json\/wp\/v2\/users\/2"}],"replies":[{"embeddable":true,"href":"https:\/\/twistislamophobia.org\/en\/wp-json\/wp\/v2\/comments?post=1421"}],"version-history":[{"count":3,"href":"https:\/\/twistislamophobia.org\/en\/wp-json\/wp\/v2\/posts\/1421\/revisions"}],"predecessor-version":[{"id":1500,"href":"https:\/\/twistislamophobia.org\/en\/wp-json\/wp\/v2\/posts\/1421\/revisions\/1500"}],"wp:featuredmedia":[{"embeddable":true,"href":"https:\/\/twistislamophobia.org\/en\/wp-json\/wp\/v2\/media\/1391"}],"wp:attachment":[{"href":"https:\/\/twistislamophobia.org\/en\/wp-json\/wp\/v2\/media?parent=1421"}],"wp:term":[{"taxonomy":"category","embeddable":true,"href":"https:\/\/twistislamophobia.org\/en\/wp-json\/wp\/v2\/categories?post=1421"},{"taxonomy":"post_tag","embeddable":true,"href":"https:\/\/twistislamophobia.org\/en\/wp-json\/wp\/v2\/tags?post=1421"}],"curies":[{"name":"wp","href":"https:\/\/api.w.org\/{rel}","templated":true}]}}